{"id":2924,"date":"2019-09-03T15:48:48","date_gmt":"2019-09-03T13:48:48","guid":{"rendered":"https:\/\/www.ungrandmarche.fr\/blog\/?p=2924"},"modified":"2020-12-21T11:51:02","modified_gmt":"2020-12-21T10:51:02","slug":"challenge-creatif-vie-de-boheme-septembre-2019","status":"publish","type":"post","link":"https:\/\/www.ungrandmarche.fr\/blog\/actualites\/challenge-creatif-vie-de-boheme-septembre-2019\/","title":{"rendered":"Challenge cr\u00e9atif : &#8220;Vie de boh\u00e8me&#8221; &#8211; septembre 2019"},"content":{"rendered":"<h2 style=\"text-align: center;\"><span style=\"color: #000000;\"><strong>Le\u00a0challenge cr\u00e9atif &#8220;Vie de boh\u00e8me&#8221; est lanc\u00e9 ! <\/strong><\/span><\/h2>\n<div class=\"su-spacer\" style=\"height:30px\"><\/div>\n<p style=\"text-align: center;\"><span style=\"color: #000000;\">La rentr\u00e9e a bel et bien point\u00e9 le bout de son nez. Heureusement, les beaux jours continuent d\u2019\u00e9gayer nos journ\u00e9es. L\u2019occasion r\u00eav\u00e9e de cr\u00e9er sur un th\u00e8me l\u00e9ger et a\u00e9rien : <strong>le style boh\u00e8me<\/strong>. Subtile cocktail de mati\u00e8res, de techniques et de couleurs, ce style n\u2019a pas pris une ride. Cr\u00e9ateurs et passionn\u00e9s de DIY, participez \u00e0 notre challenge cr\u00e9atif ! Le gagnant pourra profiter de 30\u20ac rembours\u00e9s sur votre prochaine commande <a href=\"https:\/\/www.ungrandmarche.fr\/?utm_source=blog&amp;utm_campaign=challenge-boheme-2019-09\">Un Grand March\u00e9<\/a> !<\/span><\/p>\n<div class=\"su-spacer\" style=\"height:30px\"><\/div>\n<hr \/>\n<h3><span style=\"color: #000000;\">Cr\u00e9ez sur le th\u00e8me &#8220;Boh\u00e8me&#8221;<\/span><\/h3>\n<hr \/>\n<p style=\"text-align: center;\"><span style=\"color: #000000;\">Le terme &#8220;boh\u00e8me&#8221; tire son origine des <strong>tribus vagabondes du XIX\u00e8me si\u00e8cle<\/strong> vivant dans la r\u00e9gion de Boh\u00eame en R\u00e9publique-Tch\u00e8que. Gr\u00e2ce au regard d&#8217;artistes et \u00e9crivains tels que Balzac ou Victor Hugo, la vie de boh\u00e8me prend tout son sens dans l&#8217;imaginaire collectif. Popularis\u00e9 par le mouvement hippie des ann\u00e9es 70, le style boh\u00e8me devient alors un \u00e9tat d&#8217;esprit \u00e0 part enti\u00e8re, <strong>symbole de libert\u00e9 et d\u00e9contraction, de l\u00e2cher-prise pour vivre au jour le jour<\/strong>.<\/span><\/p>\n<div class=\"su-spacer\" style=\"height:30px\"><\/div>\n<p style=\"text-align: center;\"><span style=\"color: #000000;\">En mode et d\u00e9coration, le style boh\u00e8me est <strong>empreint d&#8217;\u00e9l\u00e9gance et de l\u00e9g\u00e8ret\u00e9<\/strong>. Parmi les essentiels qui caract\u00e9risent les pi\u00e8ces boh\u00e8mes, nous retrouvons :\u00a0<\/span><\/p>\n<div class=\"su-spacer\" style=\"height:30px\"><\/div>\n<ul>\n<li><strong><span style=\"color: #000000;\">La dentelle et les franges<\/span><\/strong><\/li>\n<li><strong><span style=\"color: #000000;\">Les fleurs et motifs floraux<\/span><\/strong><\/li>\n<li><strong><span style=\"color: #000000;\">Les tissus fluides<\/span><\/strong><\/li>\n<li><strong><span style=\"color: #000000;\">Les imprim\u00e9s ethniques<\/span><\/strong><\/li>\n<li><strong><span style=\"color: #000000;\">La broderie et le crochet<\/span><\/strong><\/li>\n<li><strong><span style=\"color: #000000;\">Le blanc et les teintes douces<\/span><\/strong><\/li>\n<li><span style=\"color: #000000;\"><strong>Les plumes<\/strong><\/span><\/li>\n<li><strong><span style=\"color: #000000;\">Les bijoux en accumulation<\/span><\/strong><\/li>\n<li><strong><span style=\"color: #000000;\">Les accessoires de cheveux<\/span><\/strong><\/li>\n<li><strong><span style=\"color: #000000;\">&#8230;<\/span><\/strong><\/li>\n<\/ul>\n<div class=\"su-spacer\" style=\"height:30px\"><\/div>\n<p style=\"text-align: center;\"><span style=\"color: #000000;\">Vous avez maintenant toutes les cartes en main pour nous \u00e9merveiller !<\/span><\/p>\n<div class=\"su-spacer\" style=\"height:30px\"><\/div>\n<hr \/>\n<h3><span style=\"color: #000000;\">Modalit\u00e9s du concours<\/span><\/h3>\n<hr \/>\n<p style=\"text-align: left;\"><div class=\"su-row\"><div class=\"su-column su-column-size-1-2\"><div class=\"su-column-inner su-u-clearfix su-u-trim\">\n<p style=\"text-align: center;\"><span style=\"color: #000000;\"><img data-attachment-id=\"1800\" data-permalink=\"https:\/\/www.ungrandmarche.fr\/blog\/actualites\/challenge-creatif-fleur-de-printemps\/attachment\/recherche-outil-apercu_318-76075\/\" data-orig-file=\"https:\/\/i2.wp.com\/www.ungrandmarche.fr\/blog\/wp-content\/uploads\/2018\/03\/recherche-outil-apercu_318-76075.jpg?fit=128%2C128&amp;ssl=1\" data-orig-size=\"128,128\" data-comments-opened=\"1\" data-image-meta=\"{&quot;aperture&quot;:&quot;0&quot;,&quot;credit&quot;:&quot;&quot;,&quot;camera&quot;:&quot;&quot;,&quot;caption&quot;:&quot;&quot;,&quot;created_timestamp&quot;:&quot;0&quot;,&quot;copyright&quot;:&quot;&quot;,&quot;focal_length&quot;:&quot;0&quot;,&quot;iso&quot;:&quot;0&quot;,&quot;shutter_speed&quot;:&quot;0&quot;,&quot;title&quot;:&quot;&quot;,&quot;orientation&quot;:&quot;0&quot;}\" data-image-title=\"recherche-outil-apercu_318-76075\" data-image-description=\"\" data-medium-file=\"https:\/\/i2.wp.com\/www.ungrandmarche.fr\/blog\/wp-content\/uploads\/2018\/03\/recherche-outil-apercu_318-76075.jpg?fit=128%2C128&amp;ssl=1\" data-large-file=\"https:\/\/i2.wp.com\/www.ungrandmarche.fr\/blog\/wp-content\/uploads\/2018\/03\/recherche-outil-apercu_318-76075.jpg?fit=128%2C128&amp;ssl=1\" loading=\"lazy\" class=\"alignnone wp-image-1800\" src=\"https:\/\/i2.wp.com\/www.ungrandmarche.fr\/blog\/wp-content\/uploads\/2018\/03\/recherche-outil-apercu_318-76075.jpg?resize=40%2C40&#038;ssl=1\" alt=\"\" width=\"40\" height=\"40\" data-recalc-dims=\"1\" \/><\/span><\/p>\n<div class=\"su-spacer\" style=\"height:30px\"><\/div>\n<p style=\"text-align: center;\"><strong><span style=\"color: #000000;\">COMMENT ?<\/span><\/strong><\/p>\n<p style=\"text-align: center;\"><span style=\"color: #000000;\">R\u00e9alisez votre plus belle cr\u00e9ation et publiez-la sur vos r\u00e9seaux sociaux (Facebook, Instagram et\/ou Twitter) avec le <strong>#UGMchallenge<\/strong><\/span><\/p>\n<p style=\"text-align: left;\"><\/div><\/div> <div class=\"su-column su-column-size-1-2\"><div class=\"su-column-inner su-u-clearfix su-u-trim\">\n<p style=\"text-align: center;\"><span style=\"color: #000000;\"><img data-attachment-id=\"1804\" data-permalink=\"https:\/\/www.ungrandmarche.fr\/blog\/actualites\/challenge-creatif-fleur-de-printemps\/attachment\/contour-de-l-39-utilisateur_318-70841\/\" data-orig-file=\"https:\/\/i2.wp.com\/www.ungrandmarche.fr\/blog\/wp-content\/uploads\/2018\/03\/contour-de-l-39-utilisateur_318-70841.jpg?fit=128%2C128&amp;ssl=1\" data-orig-size=\"128,128\" data-comments-opened=\"1\" data-image-meta=\"{&quot;aperture&quot;:&quot;0&quot;,&quot;credit&quot;:&quot;&quot;,&quot;camera&quot;:&quot;&quot;,&quot;caption&quot;:&quot;&quot;,&quot;created_timestamp&quot;:&quot;0&quot;,&quot;copyright&quot;:&quot;&quot;,&quot;focal_length&quot;:&quot;0&quot;,&quot;iso&quot;:&quot;0&quot;,&quot;shutter_speed&quot;:&quot;0&quot;,&quot;title&quot;:&quot;&quot;,&quot;orientation&quot;:&quot;0&quot;}\" data-image-title=\"contour-de-l-39-utilisateur_318-70841\" data-image-description=\"\" data-medium-file=\"https:\/\/i2.wp.com\/www.ungrandmarche.fr\/blog\/wp-content\/uploads\/2018\/03\/contour-de-l-39-utilisateur_318-70841.jpg?fit=128%2C128&amp;ssl=1\" data-large-file=\"https:\/\/i2.wp.com\/www.ungrandmarche.fr\/blog\/wp-content\/uploads\/2018\/03\/contour-de-l-39-utilisateur_318-70841.jpg?fit=128%2C128&amp;ssl=1\" loading=\"lazy\" class=\"alignnone wp-image-1804\" src=\"https:\/\/i2.wp.com\/www.ungrandmarche.fr\/blog\/wp-content\/uploads\/2018\/03\/contour-de-l-39-utilisateur_318-70841.jpg?resize=40%2C40&#038;ssl=1\" alt=\"\" width=\"40\" height=\"40\" data-recalc-dims=\"1\" \/><\/span><\/p>\n<div class=\"su-spacer\" style=\"height:30px\"><\/div>\n<p style=\"text-align: center;\"><strong><span style=\"color: #000000;\">QUI ?<\/span><\/strong><\/p>\n<p style=\"text-align: center;\"><span style=\"color: #000000;\">Tous les talents, petits et grands, professionnels et particuliers\u00a0!<\/span><\/p>\n<\/div><\/div><\/div>\n<div class=\"su-row\"><div class=\"su-column su-column-size-1-2\"><div class=\"su-column-inner su-u-clearfix su-u-trim\">\n<p style=\"text-align: center;\"><span style=\"color: #000000;\"><img data-attachment-id=\"1802\" data-permalink=\"https:\/\/www.ungrandmarche.fr\/blog\/actualites\/challenge-creatif-fleur-de-printemps\/attachment\/calendrier_318-142579\/\" data-orig-file=\"https:\/\/i1.wp.com\/www.ungrandmarche.fr\/blog\/wp-content\/uploads\/2018\/03\/calendrier_318-142579.jpg?fit=128%2C128&amp;ssl=1\" data-orig-size=\"128,128\" data-comments-opened=\"1\" data-image-meta=\"{&quot;aperture&quot;:&quot;0&quot;,&quot;credit&quot;:&quot;&quot;,&quot;camera&quot;:&quot;&quot;,&quot;caption&quot;:&quot;&quot;,&quot;created_timestamp&quot;:&quot;0&quot;,&quot;copyright&quot;:&quot;&quot;,&quot;focal_length&quot;:&quot;0&quot;,&quot;iso&quot;:&quot;0&quot;,&quot;shutter_speed&quot;:&quot;0&quot;,&quot;title&quot;:&quot;&quot;,&quot;orientation&quot;:&quot;0&quot;}\" data-image-title=\"calendrier_318-142579\" data-image-description=\"\" data-medium-file=\"https:\/\/i1.wp.com\/www.ungrandmarche.fr\/blog\/wp-content\/uploads\/2018\/03\/calendrier_318-142579.jpg?fit=128%2C128&amp;ssl=1\" data-large-file=\"https:\/\/i1.wp.com\/www.ungrandmarche.fr\/blog\/wp-content\/uploads\/2018\/03\/calendrier_318-142579.jpg?fit=128%2C128&amp;ssl=1\" loading=\"lazy\" class=\"alignnone wp-image-1802\" src=\"https:\/\/i1.wp.com\/www.ungrandmarche.fr\/blog\/wp-content\/uploads\/2018\/03\/calendrier_318-142579.jpg?resize=40%2C40&#038;ssl=1\" alt=\"\" width=\"40\" height=\"40\" data-recalc-dims=\"1\" \/><\/span><\/p>\n<div class=\"su-spacer\" style=\"height:30px\"><\/div>\n<p style=\"text-align: center;\"><strong><span style=\"color: #000000;\">QUAND ?<\/span><\/strong><\/p>\n<p style=\"text-align: center;\"><span style=\"color: #000000;\">Vous avez <strong>jusqu\u2019au 30 septembre<\/strong>\u00a0inclus pour publier votre photo.<\/span><\/p>\n<\/div><\/div> <div class=\"su-column su-column-size-1-2\"><div class=\"su-column-inner su-u-clearfix su-u-trim\">\n<p style=\"text-align: center;\"><span style=\"color: #000000;\"><img data-attachment-id=\"1801\" data-permalink=\"https:\/\/www.ungrandmarche.fr\/blog\/actualites\/challenge-creatif-fleur-de-printemps\/attachment\/cadeau_318-143415\/\" data-orig-file=\"https:\/\/i1.wp.com\/www.ungrandmarche.fr\/blog\/wp-content\/uploads\/2018\/03\/cadeau_318-143415.jpg?fit=128%2C128&amp;ssl=1\" data-orig-size=\"128,128\" data-comments-opened=\"1\" data-image-meta=\"{&quot;aperture&quot;:&quot;0&quot;,&quot;credit&quot;:&quot;&quot;,&quot;camera&quot;:&quot;&quot;,&quot;caption&quot;:&quot;&quot;,&quot;created_timestamp&quot;:&quot;0&quot;,&quot;copyright&quot;:&quot;&quot;,&quot;focal_length&quot;:&quot;0&quot;,&quot;iso&quot;:&quot;0&quot;,&quot;shutter_speed&quot;:&quot;0&quot;,&quot;title&quot;:&quot;&quot;,&quot;orientation&quot;:&quot;0&quot;}\" data-image-title=\"cadeau_318-143415\" data-image-description=\"\" data-medium-file=\"https:\/\/i1.wp.com\/www.ungrandmarche.fr\/blog\/wp-content\/uploads\/2018\/03\/cadeau_318-143415.jpg?fit=128%2C128&amp;ssl=1\" data-large-file=\"https:\/\/i1.wp.com\/www.ungrandmarche.fr\/blog\/wp-content\/uploads\/2018\/03\/cadeau_318-143415.jpg?fit=128%2C128&amp;ssl=1\" loading=\"lazy\" class=\"alignnone wp-image-1801\" src=\"https:\/\/i1.wp.com\/www.ungrandmarche.fr\/blog\/wp-content\/uploads\/2018\/03\/cadeau_318-143415.jpg?resize=40%2C40&#038;ssl=1\" alt=\"\" width=\"40\" height=\"40\" data-recalc-dims=\"1\" \/><\/span><\/p>\n<div class=\"su-spacer\" style=\"height:30px\"><\/div>\n<p style=\"text-align: center;\"><strong><span style=\"color: #000000;\">QUOI ?<\/span><\/strong><\/p>\n<p style=\"text-align: center;\"><span style=\"color: #000000;\">L\u2019\u00e9quipe UGM s\u00e9lectionnera sa cr\u00e9ation favorite. Le gagnant profitera de <strong>30\u20ac rembours\u00e9s<\/strong> sur sa prochaine commande Un Grand March\u00e9.<\/span><\/p>\n<\/div><\/div><\/div>\n<hr \/>\n<h3><span style=\"color: #000000;\">Pour trouver des id\u00e9es lumineuses<\/span><\/h3>\n<hr \/>\n<div class=\"su-row\"><div class=\"su-column su-column-size-1-3\"><div class=\"su-column-inner su-u-clearfix su-u-trim\">\n<p><a href=\"https:\/\/www.ungrandmarche.fr\/merceries\/c\/couture\/dentelle\/1460?utm_source=blog&amp;utm_campaign=challenge-boheme-2019-09\" target=\"_blank\" rel=\"noopener noreferrer\"><img data-attachment-id=\"2950\" data-permalink=\"https:\/\/www.ungrandmarche.fr\/blog\/actualites\/challenge-creatif-vie-de-boheme-septembre-2019\/attachment\/dentelle\/\" data-orig-file=\"https:\/\/i2.wp.com\/www.ungrandmarche.fr\/blog\/wp-content\/uploads\/2019\/08\/dentelle.jpeg?fit=500%2C500&amp;ssl=1\" data-orig-size=\"500,500\" data-comments-opened=\"1\" data-image-meta=\"{&quot;aperture&quot;:&quot;0&quot;,&quot;credit&quot;:&quot;&quot;,&quot;camera&quot;:&quot;&quot;,&quot;caption&quot;:&quot;&quot;,&quot;created_timestamp&quot;:&quot;0&quot;,&quot;copyright&quot;:&quot;&quot;,&quot;focal_length&quot;:&quot;0&quot;,&quot;iso&quot;:&quot;0&quot;,&quot;shutter_speed&quot;:&quot;0&quot;,&quot;title&quot;:&quot;&quot;,&quot;orientation&quot;:&quot;0&quot;}\" data-image-title=\"dentelle\" data-image-description=\"\" data-medium-file=\"https:\/\/i2.wp.com\/www.ungrandmarche.fr\/blog\/wp-content\/uploads\/2019\/08\/dentelle.jpeg?fit=300%2C300&amp;ssl=1\" data-large-file=\"https:\/\/i2.wp.com\/www.ungrandmarche.fr\/blog\/wp-content\/uploads\/2019\/08\/dentelle.jpeg?fit=500%2C500&amp;ssl=1\" loading=\"lazy\" class=\"aligncenter wp-image-2950 size-medium\" src=\"https:\/\/i2.wp.com\/www.ungrandmarche.fr\/blog\/wp-content\/uploads\/2019\/08\/dentelle.jpeg?resize=300%2C300&#038;ssl=1\" alt=\"Dentelle - Un Grand March\u00e9\" width=\"300\" height=\"300\" srcset=\"https:\/\/i2.wp.com\/www.ungrandmarche.fr\/blog\/wp-content\/uploads\/2019\/08\/dentelle.jpeg?resize=300%2C300&amp;ssl=1 300w, https:\/\/i2.wp.com\/www.ungrandmarche.fr\/blog\/wp-content\/uploads\/2019\/08\/dentelle.jpeg?resize=150%2C150&amp;ssl=1 150w, https:\/\/i2.wp.com\/www.ungrandmarche.fr\/blog\/wp-content\/uploads\/2019\/08\/dentelle.jpeg?resize=263%2C263&amp;ssl=1 263w, https:\/\/i2.wp.com\/www.ungrandmarche.fr\/blog\/wp-content\/uploads\/2019\/08\/dentelle.jpeg?resize=360%2C360&amp;ssl=1 360w, https:\/\/i2.wp.com\/www.ungrandmarche.fr\/blog\/wp-content\/uploads\/2019\/08\/dentelle.jpeg?resize=297%2C297&amp;ssl=1 297w, https:\/\/i2.wp.com\/www.ungrandmarche.fr\/blog\/wp-content\/uploads\/2019\/08\/dentelle.jpeg?w=500&amp;ssl=1 500w\" sizes=\"(max-width: 300px) 100vw, 300px\" data-recalc-dims=\"1\" \/><\/a><\/p>\n<div class=\"su-button-center\"><a href=\"https:\/\/www.ungrandmarche.fr\/merceries\/c\/couture\/dentelle\/1460?utm_source=blog&amp;utm_campaign=challenge-boheme-2019-09\" class=\"su-button su-button-style-flat su-button-wide\" style=\"color:#22254E;background-color:#9ED2D0;border-color:#7fa8a7;border-radius:40px;-moz-border-radius:40px;-webkit-border-radius:40px\" target=\"_blank\" rel=\"noopener noreferrer\"><span style=\"color:#22254E;padding:0px 20px;font-size:16px;line-height:32px;border-color:#bce0df;border-radius:40px;-moz-border-radius:40px;-webkit-border-radius:40px;text-shadow:none;-moz-text-shadow:none;-webkit-text-shadow:none\"> <strong>La dentelle<\/strong><\/span><\/a><\/div>\n<\/div><\/div> <div class=\"su-column su-column-size-1-3\"><div class=\"su-column-inner su-u-clearfix su-u-trim\">\n<p><a href=\"https:\/\/www.ungrandmarche.fr\/merceries\/recherche?q=plume&amp;utm_source=blog&amp;utm_campaign=challenge-boheme-2019-09\" target=\"_blank\" rel=\"noopener noreferrer\"><img data-attachment-id=\"2949\" data-permalink=\"https:\/\/www.ungrandmarche.fr\/blog\/actualites\/challenge-creatif-vie-de-boheme-septembre-2019\/attachment\/plume\/\" data-orig-file=\"https:\/\/i1.wp.com\/www.ungrandmarche.fr\/blog\/wp-content\/uploads\/2019\/08\/plume.jpeg?fit=500%2C500&amp;ssl=1\" data-orig-size=\"500,500\" data-comments-opened=\"1\" data-image-meta=\"{&quot;aperture&quot;:&quot;0&quot;,&quot;credit&quot;:&quot;&quot;,&quot;camera&quot;:&quot;&quot;,&quot;caption&quot;:&quot;&quot;,&quot;created_timestamp&quot;:&quot;0&quot;,&quot;copyright&quot;:&quot;&quot;,&quot;focal_length&quot;:&quot;0&quot;,&quot;iso&quot;:&quot;0&quot;,&quot;shutter_speed&quot;:&quot;0&quot;,&quot;title&quot;:&quot;&quot;,&quot;orientation&quot;:&quot;0&quot;}\" data-image-title=\"plume\" data-image-description=\"\" data-medium-file=\"https:\/\/i1.wp.com\/www.ungrandmarche.fr\/blog\/wp-content\/uploads\/2019\/08\/plume.jpeg?fit=300%2C300&amp;ssl=1\" data-large-file=\"https:\/\/i1.wp.com\/www.ungrandmarche.fr\/blog\/wp-content\/uploads\/2019\/08\/plume.jpeg?fit=500%2C500&amp;ssl=1\" loading=\"lazy\" class=\"aligncenter wp-image-2949 size-medium\" src=\"https:\/\/i1.wp.com\/www.ungrandmarche.fr\/blog\/wp-content\/uploads\/2019\/08\/plume.jpeg?resize=300%2C300&#038;ssl=1\" alt=\"Plumes - Un Grand March\u00e9\" width=\"300\" height=\"300\" srcset=\"https:\/\/i1.wp.com\/www.ungrandmarche.fr\/blog\/wp-content\/uploads\/2019\/08\/plume.jpeg?resize=300%2C300&amp;ssl=1 300w, https:\/\/i1.wp.com\/www.ungrandmarche.fr\/blog\/wp-content\/uploads\/2019\/08\/plume.jpeg?resize=150%2C150&amp;ssl=1 150w, https:\/\/i1.wp.com\/www.ungrandmarche.fr\/blog\/wp-content\/uploads\/2019\/08\/plume.jpeg?resize=263%2C263&amp;ssl=1 263w, https:\/\/i1.wp.com\/www.ungrandmarche.fr\/blog\/wp-content\/uploads\/2019\/08\/plume.jpeg?resize=360%2C360&amp;ssl=1 360w, https:\/\/i1.wp.com\/www.ungrandmarche.fr\/blog\/wp-content\/uploads\/2019\/08\/plume.jpeg?resize=297%2C297&amp;ssl=1 297w, https:\/\/i1.wp.com\/www.ungrandmarche.fr\/blog\/wp-content\/uploads\/2019\/08\/plume.jpeg?w=500&amp;ssl=1 500w\" sizes=\"(max-width: 300px) 100vw, 300px\" data-recalc-dims=\"1\" \/><\/a><\/p>\n<div class=\"su-button-center\"><a href=\"https:\/\/www.ungrandmarche.fr\/merceries\/recherche?q=plume&amp;utm_source=blog&amp;utm_campaign=challenge-boheme-2019-09\" class=\"su-button su-button-style-flat su-button-wide\" style=\"color:#22254E;background-color:#9ED2D0;border-color:#7fa8a7;border-radius:40px;-moz-border-radius:40px;-webkit-border-radius:40px\" target=\"_blank\" rel=\"noopener noreferrer\"><span style=\"color:#22254E;padding:0px 20px;font-size:16px;line-height:32px;border-color:#bce0df;border-radius:40px;-moz-border-radius:40px;-webkit-border-radius:40px;text-shadow:none;-moz-text-shadow:none;-webkit-text-shadow:none\"> <strong>Les plumes<\/strong><\/span><\/a><\/div>\n<\/div><\/div><div class=\"su-column su-column-size-1-3\"><div class=\"su-column-inner su-u-clearfix su-u-trim\">\n<p><a href=\"https:\/\/www.ungrandmarche.fr\/merceries\/c\/tissus\/habillement-decoration\/coton-fleurs-liberty\/824?utm_source=blog&amp;utm_campaign=challenge-boheme-2019-09\" target=\"_blank\" rel=\"noopener noreferrer\"><img data-attachment-id=\"2948\" data-permalink=\"https:\/\/www.ungrandmarche.fr\/blog\/actualites\/challenge-creatif-vie-de-boheme-septembre-2019\/attachment\/tissu-fleurs\/\" data-orig-file=\"https:\/\/i0.wp.com\/www.ungrandmarche.fr\/blog\/wp-content\/uploads\/2019\/08\/tissu-fleurs.jpeg?fit=500%2C500&amp;ssl=1\" data-orig-size=\"500,500\" data-comments-opened=\"1\" data-image-meta=\"{&quot;aperture&quot;:&quot;0&quot;,&quot;credit&quot;:&quot;&quot;,&quot;camera&quot;:&quot;&quot;,&quot;caption&quot;:&quot;&quot;,&quot;created_timestamp&quot;:&quot;0&quot;,&quot;copyright&quot;:&quot;&quot;,&quot;focal_length&quot;:&quot;0&quot;,&quot;iso&quot;:&quot;0&quot;,&quot;shutter_speed&quot;:&quot;0&quot;,&quot;title&quot;:&quot;&quot;,&quot;orientation&quot;:&quot;0&quot;}\" data-image-title=\"tissu fleurs\" data-image-description=\"\" data-medium-file=\"https:\/\/i0.wp.com\/www.ungrandmarche.fr\/blog\/wp-content\/uploads\/2019\/08\/tissu-fleurs.jpeg?fit=300%2C300&amp;ssl=1\" data-large-file=\"https:\/\/i0.wp.com\/www.ungrandmarche.fr\/blog\/wp-content\/uploads\/2019\/08\/tissu-fleurs.jpeg?fit=500%2C500&amp;ssl=1\" loading=\"lazy\" class=\"aligncenter wp-image-2948 size-medium\" src=\"https:\/\/i0.wp.com\/www.ungrandmarche.fr\/blog\/wp-content\/uploads\/2019\/08\/tissu-fleurs.jpeg?resize=300%2C300&#038;ssl=1\" alt=\"Tissu \u00e0 fleus, liberty - Un Grand March\u00e9\" width=\"300\" height=\"300\" srcset=\"https:\/\/i0.wp.com\/www.ungrandmarche.fr\/blog\/wp-content\/uploads\/2019\/08\/tissu-fleurs.jpeg?resize=300%2C300&amp;ssl=1 300w, https:\/\/i0.wp.com\/www.ungrandmarche.fr\/blog\/wp-content\/uploads\/2019\/08\/tissu-fleurs.jpeg?resize=150%2C150&amp;ssl=1 150w, https:\/\/i0.wp.com\/www.ungrandmarche.fr\/blog\/wp-content\/uploads\/2019\/08\/tissu-fleurs.jpeg?resize=263%2C263&amp;ssl=1 263w, https:\/\/i0.wp.com\/www.ungrandmarche.fr\/blog\/wp-content\/uploads\/2019\/08\/tissu-fleurs.jpeg?resize=360%2C360&amp;ssl=1 360w, https:\/\/i0.wp.com\/www.ungrandmarche.fr\/blog\/wp-content\/uploads\/2019\/08\/tissu-fleurs.jpeg?resize=297%2C297&amp;ssl=1 297w, https:\/\/i0.wp.com\/www.ungrandmarche.fr\/blog\/wp-content\/uploads\/2019\/08\/tissu-fleurs.jpeg?w=500&amp;ssl=1 500w\" sizes=\"(max-width: 300px) 100vw, 300px\" data-recalc-dims=\"1\" \/><\/a><\/p>\n<div class=\"su-button-center\"><a href=\"https:\/\/www.ungrandmarche.fr\/merceries\/c\/tissus\/habillement-decoration\/coton-fleurs-liberty\/824?utm_source=blog&amp;utm_campaign=challenge-boheme-2019-09\" class=\"su-button su-button-style-flat su-button-wide\" style=\"color:#22254E;background-color:#9ED2D0;border-color:#7fa8a7;border-radius:40px;-moz-border-radius:40px;-webkit-border-radius:40px\" target=\"_blank\" rel=\"noopener noreferrer\"><span style=\"color:#22254E;padding:0px 20px;font-size:16px;line-height:32px;border-color:#bce0df;border-radius:40px;-moz-border-radius:40px;-webkit-border-radius:40px;text-shadow:none;-moz-text-shadow:none;-webkit-text-shadow:none\"> <strong>Les tissus fleuris<\/strong><\/span><\/a><\/div>\n<\/div><\/div><\/div>\n<div class=\"su-row\"><div class=\"su-column su-column-size-1-3\"><div class=\"su-column-inner su-u-clearfix su-u-trim\">\n<p><a href=\"https:\/\/www.ungrandmarche.fr\/merceries\/c\/perles\/pierres-gemmes\/606?utm_source=blog&amp;utm_campaign=challenge-boheme-2019-09\"><img data-attachment-id=\"2946\" data-permalink=\"https:\/\/www.ungrandmarche.fr\/blog\/actualites\/challenge-creatif-vie-de-boheme-septembre-2019\/attachment\/pierre-gemme\/\" data-orig-file=\"https:\/\/i2.wp.com\/www.ungrandmarche.fr\/blog\/wp-content\/uploads\/2019\/08\/pierre-gemme.jpeg?fit=500%2C500&amp;ssl=1\" data-orig-size=\"500,500\" data-comments-opened=\"1\" data-image-meta=\"{&quot;aperture&quot;:&quot;0&quot;,&quot;credit&quot;:&quot;&quot;,&quot;camera&quot;:&quot;&quot;,&quot;caption&quot;:&quot;&quot;,&quot;created_timestamp&quot;:&quot;0&quot;,&quot;copyright&quot;:&quot;&quot;,&quot;focal_length&quot;:&quot;0&quot;,&quot;iso&quot;:&quot;0&quot;,&quot;shutter_speed&quot;:&quot;0&quot;,&quot;title&quot;:&quot;&quot;,&quot;orientation&quot;:&quot;0&quot;}\" data-image-title=\"pierre gemme\" data-image-description=\"\" data-medium-file=\"https:\/\/i2.wp.com\/www.ungrandmarche.fr\/blog\/wp-content\/uploads\/2019\/08\/pierre-gemme.jpeg?fit=300%2C300&amp;ssl=1\" data-large-file=\"https:\/\/i2.wp.com\/www.ungrandmarche.fr\/blog\/wp-content\/uploads\/2019\/08\/pierre-gemme.jpeg?fit=500%2C500&amp;ssl=1\" loading=\"lazy\" class=\"aligncenter wp-image-2946 size-medium\" src=\"https:\/\/i2.wp.com\/www.ungrandmarche.fr\/blog\/wp-content\/uploads\/2019\/08\/pierre-gemme.jpeg?resize=300%2C300&#038;ssl=1\" alt=\"Pierres gemmes - Un Grand March\u00e9\" width=\"300\" height=\"300\" srcset=\"https:\/\/i2.wp.com\/www.ungrandmarche.fr\/blog\/wp-content\/uploads\/2019\/08\/pierre-gemme.jpeg?resize=300%2C300&amp;ssl=1 300w, https:\/\/i2.wp.com\/www.ungrandmarche.fr\/blog\/wp-content\/uploads\/2019\/08\/pierre-gemme.jpeg?resize=150%2C150&amp;ssl=1 150w, https:\/\/i2.wp.com\/www.ungrandmarche.fr\/blog\/wp-content\/uploads\/2019\/08\/pierre-gemme.jpeg?resize=263%2C263&amp;ssl=1 263w, https:\/\/i2.wp.com\/www.ungrandmarche.fr\/blog\/wp-content\/uploads\/2019\/08\/pierre-gemme.jpeg?resize=360%2C360&amp;ssl=1 360w, https:\/\/i2.wp.com\/www.ungrandmarche.fr\/blog\/wp-content\/uploads\/2019\/08\/pierre-gemme.jpeg?resize=297%2C297&amp;ssl=1 297w, https:\/\/i2.wp.com\/www.ungrandmarche.fr\/blog\/wp-content\/uploads\/2019\/08\/pierre-gemme.jpeg?w=500&amp;ssl=1 500w\" sizes=\"(max-width: 300px) 100vw, 300px\" data-recalc-dims=\"1\" \/><\/a><\/p>\n<div class=\"su-button-center\"><a href=\"https:\/\/www.ungrandmarche.fr\/merceries\/c\/perles\/pierres-gemmes\/606?utm_source=blog&amp;utm_campaign=challenge-boheme-2019-09\" class=\"su-button su-button-style-flat su-button-wide\" style=\"color:#22254E;background-color:#9ED2D0;border-color:#7fa8a7;border-radius:40px;-moz-border-radius:40px;-webkit-border-radius:40px\" target=\"_blank\" rel=\"noopener noreferrer\"><span style=\"color:#22254E;padding:0px 20px;font-size:16px;line-height:32px;border-color:#bce0df;border-radius:40px;-moz-border-radius:40px;-webkit-border-radius:40px;text-shadow:none;-moz-text-shadow:none;-webkit-text-shadow:none\"> <strong>Les pierres gemmes<\/strong><\/span><\/a><\/div>\n<\/div><\/div> <div class=\"su-column su-column-size-1-3\"><div class=\"su-column-inner su-u-clearfix su-u-trim\">\n<p><a href=\"https:\/\/www.ungrandmarche.fr\/merceries\/recherche?categorie=504&amp;prix=&amp;q=ethnique&amp;tri=pertinence&amp;utm_source=blog&amp;utm_campaign=challenge-boheme-2019-09\" target=\"_blank\" rel=\"noopener noreferrer\"><img data-attachment-id=\"2947\" data-permalink=\"https:\/\/www.ungrandmarche.fr\/blog\/actualites\/challenge-creatif-vie-de-boheme-septembre-2019\/attachment\/2284574-breloque-connecteur-metal-ethnique-argente-1_medium\/\" data-orig-file=\"https:\/\/i1.wp.com\/www.ungrandmarche.fr\/blog\/wp-content\/uploads\/2019\/08\/2284574-breloque-connecteur-metal-ethnique-argente-1_medium.jpeg?fit=500%2C500&amp;ssl=1\" data-orig-size=\"500,500\" data-comments-opened=\"1\" data-image-meta=\"{&quot;aperture&quot;:&quot;0&quot;,&quot;credit&quot;:&quot;&quot;,&quot;camera&quot;:&quot;&quot;,&quot;caption&quot;:&quot;&quot;,&quot;created_timestamp&quot;:&quot;0&quot;,&quot;copyright&quot;:&quot;&quot;,&quot;focal_length&quot;:&quot;0&quot;,&quot;iso&quot;:&quot;0&quot;,&quot;shutter_speed&quot;:&quot;0&quot;,&quot;title&quot;:&quot;&quot;,&quot;orientation&quot;:&quot;0&quot;}\" data-image-title=\"2284574-breloque-connecteur-metal-ethnique-argente-1_medium\" data-image-description=\"\" data-medium-file=\"https:\/\/i1.wp.com\/www.ungrandmarche.fr\/blog\/wp-content\/uploads\/2019\/08\/2284574-breloque-connecteur-metal-ethnique-argente-1_medium.jpeg?fit=300%2C300&amp;ssl=1\" data-large-file=\"https:\/\/i1.wp.com\/www.ungrandmarche.fr\/blog\/wp-content\/uploads\/2019\/08\/2284574-breloque-connecteur-metal-ethnique-argente-1_medium.jpeg?fit=500%2C500&amp;ssl=1\" loading=\"lazy\" class=\"aligncenter wp-image-2947 size-medium\" src=\"https:\/\/i1.wp.com\/www.ungrandmarche.fr\/blog\/wp-content\/uploads\/2019\/08\/2284574-breloque-connecteur-metal-ethnique-argente-1_medium.jpeg?resize=300%2C300&#038;ssl=1\" alt=\"Bijoux ethnique, DIY, cr\u00e9ation - Un Grand March\u00e9\" width=\"300\" height=\"300\" srcset=\"https:\/\/i1.wp.com\/www.ungrandmarche.fr\/blog\/wp-content\/uploads\/2019\/08\/2284574-breloque-connecteur-metal-ethnique-argente-1_medium.jpeg?resize=300%2C300&amp;ssl=1 300w, https:\/\/i1.wp.com\/www.ungrandmarche.fr\/blog\/wp-content\/uploads\/2019\/08\/2284574-breloque-connecteur-metal-ethnique-argente-1_medium.jpeg?resize=150%2C150&amp;ssl=1 150w, https:\/\/i1.wp.com\/www.ungrandmarche.fr\/blog\/wp-content\/uploads\/2019\/08\/2284574-breloque-connecteur-metal-ethnique-argente-1_medium.jpeg?resize=263%2C263&amp;ssl=1 263w, https:\/\/i1.wp.com\/www.ungrandmarche.fr\/blog\/wp-content\/uploads\/2019\/08\/2284574-breloque-connecteur-metal-ethnique-argente-1_medium.jpeg?resize=360%2C360&amp;ssl=1 360w, https:\/\/i1.wp.com\/www.ungrandmarche.fr\/blog\/wp-content\/uploads\/2019\/08\/2284574-breloque-connecteur-metal-ethnique-argente-1_medium.jpeg?resize=297%2C297&amp;ssl=1 297w, https:\/\/i1.wp.com\/www.ungrandmarche.fr\/blog\/wp-content\/uploads\/2019\/08\/2284574-breloque-connecteur-metal-ethnique-argente-1_medium.jpeg?w=500&amp;ssl=1 500w\" sizes=\"(max-width: 300px) 100vw, 300px\" data-recalc-dims=\"1\" \/><\/a><\/p>\n<div class=\"su-button-center\"><a href=\"https:\/\/www.ungrandmarche.fr\/merceries\/recherche?categorie=504&amp;prix=&amp;q=ethnique&amp;tri=pertinence&amp;utm_source=blog&amp;utm_campaign=challenge-boheme-2019-09\" class=\"su-button su-button-style-flat su-button-wide\" style=\"color:#22254E;background-color:#9ED2D0;border-color:#7fa8a7;border-radius:40px;-moz-border-radius:40px;-webkit-border-radius:40px\" target=\"_blank\" rel=\"noopener noreferrer\"><span style=\"color:#22254E;padding:0px 20px;font-size:16px;line-height:32px;border-color:#bce0df;border-radius:40px;-moz-border-radius:40px;-webkit-border-radius:40px;text-shadow:none;-moz-text-shadow:none;-webkit-text-shadow:none\"> <strong>Les bijoux ethniques<\/strong><\/span><\/a><\/div>\n<\/div><\/div><div class=\"su-column su-column-size-1-3\"><div class=\"su-column-inner su-u-clearfix su-u-trim\">\n<p><a href=\"https:\/\/www.ungrandmarche.fr\/merceries\/c\/couture\/galons\/passementeries-franges-pompons\/986?utm_source=blog&amp;utm_campaign=challenge-boheme-2019-09\" target=\"_blank\" rel=\"noopener noreferrer\"><img data-attachment-id=\"2945\" data-permalink=\"https:\/\/www.ungrandmarche.fr\/blog\/actualites\/challenge-creatif-vie-de-boheme-septembre-2019\/attachment\/galon\/\" data-orig-file=\"https:\/\/i1.wp.com\/www.ungrandmarche.fr\/blog\/wp-content\/uploads\/2019\/08\/galon.jpeg?fit=500%2C500&amp;ssl=1\" data-orig-size=\"500,500\" data-comments-opened=\"1\" data-image-meta=\"{&quot;aperture&quot;:&quot;0&quot;,&quot;credit&quot;:&quot;&quot;,&quot;camera&quot;:&quot;&quot;,&quot;caption&quot;:&quot;&quot;,&quot;created_timestamp&quot;:&quot;0&quot;,&quot;copyright&quot;:&quot;&quot;,&quot;focal_length&quot;:&quot;0&quot;,&quot;iso&quot;:&quot;0&quot;,&quot;shutter_speed&quot;:&quot;0&quot;,&quot;title&quot;:&quot;&quot;,&quot;orientation&quot;:&quot;0&quot;}\" data-image-title=\"galon\" data-image-description=\"\" data-medium-file=\"https:\/\/i1.wp.com\/www.ungrandmarche.fr\/blog\/wp-content\/uploads\/2019\/08\/galon.jpeg?fit=300%2C300&amp;ssl=1\" data-large-file=\"https:\/\/i1.wp.com\/www.ungrandmarche.fr\/blog\/wp-content\/uploads\/2019\/08\/galon.jpeg?fit=500%2C500&amp;ssl=1\" loading=\"lazy\" class=\"aligncenter wp-image-2945 size-medium\" src=\"https:\/\/i1.wp.com\/www.ungrandmarche.fr\/blog\/wp-content\/uploads\/2019\/08\/galon.jpeg?resize=300%2C300&#038;ssl=1\" alt=\"Galons \u00e0 frange - Un Grand March\u00e9\" width=\"300\" height=\"300\" srcset=\"https:\/\/i1.wp.com\/www.ungrandmarche.fr\/blog\/wp-content\/uploads\/2019\/08\/galon.jpeg?resize=300%2C300&amp;ssl=1 300w, https:\/\/i1.wp.com\/www.ungrandmarche.fr\/blog\/wp-content\/uploads\/2019\/08\/galon.jpeg?resize=150%2C150&amp;ssl=1 150w, https:\/\/i1.wp.com\/www.ungrandmarche.fr\/blog\/wp-content\/uploads\/2019\/08\/galon.jpeg?resize=263%2C263&amp;ssl=1 263w, https:\/\/i1.wp.com\/www.ungrandmarche.fr\/blog\/wp-content\/uploads\/2019\/08\/galon.jpeg?resize=360%2C360&amp;ssl=1 360w, https:\/\/i1.wp.com\/www.ungrandmarche.fr\/blog\/wp-content\/uploads\/2019\/08\/galon.jpeg?resize=297%2C297&amp;ssl=1 297w, https:\/\/i1.wp.com\/www.ungrandmarche.fr\/blog\/wp-content\/uploads\/2019\/08\/galon.jpeg?w=500&amp;ssl=1 500w\" sizes=\"(max-width: 300px) 100vw, 300px\" data-recalc-dims=\"1\" \/><\/a><\/p>\n<div class=\"su-button-center\"><a href=\"https:\/\/pierrepapierciseaux.be\/blog\/diy\/diy-65-une-plume-boheme-en-macrame\/?utm_source=blog&amp;utm_campaign=macrame\" class=\"su-button su-button-style-flat su-button-wide\" style=\"color:#22254E;background-color:#9ED2D0;border-color:#7fa8a7;border-radius:40px;-moz-border-radius:40px;-webkit-border-radius:40px\" target=\"_blank\" rel=\"noopener noreferrer\"><span style=\"color:#22254E;padding:0px 20px;font-size:16px;line-height:32px;border-color:#bce0df;border-radius:40px;-moz-border-radius:40px;-webkit-border-radius:40px;text-shadow:none;-moz-text-shadow:none;-webkit-text-shadow:none\"> <strong>La passementerie<\/strong><\/span><\/a><\/div>\n<\/div><\/div><\/div>\n","protected":false},"excerpt":{"rendered":"<p>Le\u00a0challenge cr\u00e9atif &#8220;Vie de boh\u00e8me&#8221; est lanc\u00e9 ! La rentr\u00e9e a bel et bien point\u00e9 le bout de son nez. Heureusement, les beaux jours continuent d\u2019\u00e9gayer nos journ\u00e9es. L\u2019occasion r\u00eav\u00e9e de cr\u00e9er sur un th\u00e8me [&hellip;]<\/p>\n","protected":false},"author":3,"featured_media":2966,"comment_status":"open","ping_status":"open","sticky":false,"template":"","format":"standard","meta":{"spay_email":"","jetpack_publicize_message":"","jetpack_is_tweetstorm":false},"categories":[70],"tags":[],"jetpack_featured_media_url":"https:\/\/i2.wp.com\/www.ungrandmarche.fr\/blog\/wp-content\/uploads\/2019\/08\/2019-09-challenge-creatif-boheme.jpg?fit=1500%2C600&ssl=1","jetpack_publicize_connections":[],"jetpack_sharing_enabled":true,"jetpack_shortlink":"https:\/\/wp.me\/pfn3aZ-La","jetpack-related-posts":[],"jetpack_likes_enabled":true,"_links":{"self":[{"href":"https:\/\/www.ungrandmarche.fr\/blog\/wp-json\/wp\/v2\/posts\/2924"}],"collection":[{"href":"https:\/\/www.ungrandmarche.fr\/blog\/wp-json\/wp\/v2\/posts"}],"about":[{"href":"https:\/\/www.ungrandmarche.fr\/blog\/wp-json\/wp\/v2\/types\/post"}],"author":[{"embeddable":true,"href":"https:\/\/www.ungrandmarche.fr\/blog\/wp-json\/wp\/v2\/users\/3"}],"replies":[{"embeddable":true,"href":"https:\/\/www.ungrandmarche.fr\/blog\/wp-json\/wp\/v2\/comments?post=2924"}],"version-history":[{"count":33,"href":"https:\/\/www.ungrandmarche.fr\/blog\/wp-json\/wp\/v2\/posts\/2924\/revisions"}],"predecessor-version":[{"id":4601,"href":"https:\/\/www.ungrandmarche.fr\/blog\/wp-json\/wp\/v2\/posts\/2924\/revisions\/4601"}],"wp:featuredmedia":[{"embeddable":true,"href":"https:\/\/www.ungrandmarche.fr\/blog\/wp-json\/wp\/v2\/media\/2966"}],"wp:attachment":[{"href":"https:\/\/www.ungrandmarche.fr\/blog\/wp-json\/wp\/v2\/media?parent=2924"}],"wp:term":[{"taxonomy":"category","embeddable":true,"href":"https:\/\/www.ungrandmarche.fr\/blog\/wp-json\/wp\/v2\/categories?post=2924"},{"taxonomy":"post_tag","embeddable":true,"href":"https:\/\/www.ungrandmarche.fr\/blog\/wp-json\/wp\/v2\/tags?post=2924"}],"curies":[{"name":"wp","href":"https:\/\/api.w.org\/{rel}","templated":true}]}}