{"id":4283,"date":"2020-11-30T15:59:21","date_gmt":"2020-11-30T14:59:21","guid":{"rendered":"https:\/\/www.ungrandmarche.fr\/blog\/?p=4283"},"modified":"2021-01-28T15:47:01","modified_gmt":"2021-01-28T14:47:01","slug":"createurs-francais-en-2020","status":"publish","type":"post","link":"https:\/\/www.ungrandmarche.fr\/blog\/actualites\/createurs-francais-en-2020\/","title":{"rendered":"\u00catre un cr\u00e9ateur fran\u00e7ais en 2020"},"content":{"rendered":"\n<div class=\"wp-block-columns\">\n<div class=\"wp-block-column\" style=\"flex-basis:20%\"><\/div>\n\n\n\n<div class=\"wp-block-column\" style=\"flex-basis:60%\">\n<p class=\"has-text-align-center\">2020 avait pourtant bien commenc\u00e9, beaucoup de cr\u00e9ateurs fran\u00e7ais avaient des projets plein la t\u00eate pour cette nouvelle ann\u00e9e : continuer leur digitalisation, proposer de nouvelles cr\u00e9ations, se perfectionner sur de nouvelles techniques cr\u00e9atives, ouvrir une boutique physique en parall\u00e8le de leur boutique en ligne, participer \u00e0 un march\u00e9 de no\u00ebl ou \u00e0 un salon\u2026<\/p>\n\n\n\n<div style=\"height:20px\" aria-hidden=\"true\" class=\"wp-block-spacer\"><\/div>\n\n\n\n<p class=\"has-text-align-center\">Autant de beaux projets qui auraient d\u00fb \u00eatre men\u00e9s par des cr\u00e9ateurs ind\u00e9pendants motiv\u00e9s et passionn\u00e9s par leur activit\u00e9. Mais en Mars dernier, un vilain virus a point\u00e9 le bout de son nez.<br>Comme pour beaucoup de professionnels, les p\u00e9riodes de confinement ont \u00e9t\u00e9 et sont encore synonymes de bouleversements, d\u2019incompr\u00e9hensions, d\u2019incertitudes et de peurs.<\/p>\n\n\n\n<div style=\"height:20px\" aria-hidden=\"true\" class=\"wp-block-spacer\"><\/div>\n\n\n\n<p class=\"has-text-align-center\">Aujourd\u2019hui, plus que jamais, nous voulons mettre en avant ces cr\u00e9ateurs ind\u00e9pendants, leurs ressentis et leurs t\u00e9moignages pour que leurs voix soient entendues, dans tout l\u2019hexagone et au-del\u00e0.<\/p>\n<\/div>\n\n\n\n<div class=\"wp-block-column\" style=\"flex-basis:20%\"><\/div>\n<\/div>\n\n\n\n<div style=\"height:20px\" aria-hidden=\"true\" class=\"wp-block-spacer\"><\/div>\n\n\n\n<figure class=\"wp-block-image size-large\"><img data-attachment-id=\"4301\" data-permalink=\"https:\/\/www.ungrandmarche.fr\/blog\/actualites\/createurs-francais-en-2020\/attachment\/createur-saisonnalite\/\" data-orig-file=\"https:\/\/i0.wp.com\/www.ungrandmarche.fr\/blog\/wp-content\/uploads\/2020\/11\/createur-saisonnalite.jpg?fit=1024%2C410&amp;ssl=1\" data-orig-size=\"1024,410\" data-comments-opened=\"1\" data-image-meta=\"{&quot;aperture&quot;:&quot;0&quot;,&quot;credit&quot;:&quot;&quot;,&quot;camera&quot;:&quot;&quot;,&quot;caption&quot;:&quot;&quot;,&quot;created_timestamp&quot;:&quot;0&quot;,&quot;copyright&quot;:&quot;&quot;,&quot;focal_length&quot;:&quot;0&quot;,&quot;iso&quot;:&quot;0&quot;,&quot;shutter_speed&quot;:&quot;0&quot;,&quot;title&quot;:&quot;&quot;,&quot;orientation&quot;:&quot;1&quot;}\" data-image-title=\"createur-saisonnalite\" data-image-description=\"\" data-medium-file=\"https:\/\/i0.wp.com\/www.ungrandmarche.fr\/blog\/wp-content\/uploads\/2020\/11\/createur-saisonnalite.jpg?fit=300%2C120&amp;ssl=1\" data-large-file=\"https:\/\/i0.wp.com\/www.ungrandmarche.fr\/blog\/wp-content\/uploads\/2020\/11\/createur-saisonnalite.jpg?fit=1024%2C410&amp;ssl=1\" loading=\"lazy\" width=\"1024\" height=\"410\" src=\"https:\/\/i0.wp.com\/www.ungrandmarche.fr\/blog\/wp-content\/uploads\/2020\/11\/createur-saisonnalite.jpg?resize=1024%2C410&#038;ssl=1\" alt=\"\" class=\"wp-image-4301\" srcset=\"https:\/\/i0.wp.com\/www.ungrandmarche.fr\/blog\/wp-content\/uploads\/2020\/11\/createur-saisonnalite.jpg?w=1024&amp;ssl=1 1024w, https:\/\/i0.wp.com\/www.ungrandmarche.fr\/blog\/wp-content\/uploads\/2020\/11\/createur-saisonnalite.jpg?resize=300%2C120&amp;ssl=1 300w, https:\/\/i0.wp.com\/www.ungrandmarche.fr\/blog\/wp-content\/uploads\/2020\/11\/createur-saisonnalite.jpg?resize=768%2C308&amp;ssl=1 768w\" sizes=\"(max-width: 1024px) 100vw, 1024px\" data-recalc-dims=\"1\" \/><\/figure>\n\n\n\n<h2 class=\"has-text-align-center\">La saisonnalit\u00e9 de l&#8217;activit\u00e9 des cr\u00e9ateurs fran\u00e7ais<\/h2>\n\n\n\n<hr class=\"wp-block-separator is-style-wide\"\/>\n\n\n\n<div class=\"wp-block-columns\">\n<div class=\"wp-block-column\" style=\"flex-basis:20%\"><\/div>\n\n\n\n<div class=\"wp-block-column\" style=\"flex-basis:60%\">\n<p class=\"has-text-align-center\">Dans de nombreux domaines d\u2019activit\u00e9s, la p\u00e9riode de No\u00ebl et des f\u00eates de fin d\u2019ann\u00e9e est une p\u00e9riode charni\u00e8re, synonyme d\u2019augmentation significative de chiffre d\u2019affaires.<br>Elle est propice aux achats coups de c\u0153ur, aux achats personnalisables, uniques.<br><\/p>\n\n\n\n<div style=\"height:20px\" aria-hidden=\"true\" class=\"wp-block-spacer\"><\/div>\n\n\n\n<p class=\"has-text-align-center\">Les consommateurs ont envie de faire plaisir, d\u2019offrir un cadeau qui ne se retrouvera pas sur Le Bon Coin \u00e0 cause d\u2019un doublon, un cadeau qui sera aussi unique que la personne \u00e0 qui ils l\u2019offriront, un cadeau qui aura \u00e9t\u00e9 imagin\u00e9 et fabriqu\u00e9 avec passion sur le territoire fran\u00e7ais, tout pr\u00e8s de chez eux.<\/p>\n\n\n\n<div style=\"height:20px\" aria-hidden=\"true\" class=\"wp-block-spacer\"><\/div>\n\n\n\n<p class=\"has-text-align-center\">C\u2019est l\u00e0 que les cr\u00e9ateurs fran\u00e7ais de fait-main entrent en jeu, sur la toile, dans des pop-up stores ou sur des march\u00e9s sp\u00e9cialis\u00e9s. Gr\u00e2ce \u00e0 diff\u00e9rents canaux de vente, les cr\u00e9ateurs arrivent \u00e0 tirer leur \u00e9pingle du jeu et \u00e0 augmenter leur chiffre d\u2019affaires de mani\u00e8re significative pendant cette p\u00e9riode.<br><\/p>\n\n\n\n<div style=\"height:20px\" aria-hidden=\"true\" class=\"wp-block-spacer\"><\/div>\n\n\n\n<p class=\"has-text-align-center\">Malheureusement, cette ann\u00e9e, de nombreux salons et la quasi-totalit\u00e9 des march\u00e9s de No\u00ebl ont \u00e9t\u00e9 annul\u00e9s \u00e0 cause de la crise sanitaire, privant ainsi les cr\u00e9ateurs d\u2019un gros volume de ventes.<br>Outre le c\u00f4t\u00e9 financier, le c\u00f4t\u00e9 humain aussi en p\u00e2tit. Un c\u00f4t\u00e9 humain tr\u00e8s important pour cette communaut\u00e9 de cr\u00e9atifs.<\/p>\n<\/div>\n\n\n\n<div class=\"wp-block-column\" style=\"flex-basis:20%\"><\/div>\n<\/div>\n\n\n\n<div style=\"height:20px\" aria-hidden=\"true\" class=\"wp-block-spacer\"><\/div>\n\n\n\n<figure class=\"wp-block-image size-large\"><img data-attachment-id=\"4303\" data-permalink=\"https:\/\/www.ungrandmarche.fr\/blog\/actualites\/createurs-francais-en-2020\/attachment\/createur-lien-social\/\" data-orig-file=\"https:\/\/i2.wp.com\/www.ungrandmarche.fr\/blog\/wp-content\/uploads\/2020\/11\/createur-lien-social.jpg?fit=1024%2C410&amp;ssl=1\" data-orig-size=\"1024,410\" data-comments-opened=\"1\" data-image-meta=\"{&quot;aperture&quot;:&quot;0&quot;,&quot;credit&quot;:&quot;&quot;,&quot;camera&quot;:&quot;&quot;,&quot;caption&quot;:&quot;&quot;,&quot;created_timestamp&quot;:&quot;0&quot;,&quot;copyright&quot;:&quot;&quot;,&quot;focal_length&quot;:&quot;0&quot;,&quot;iso&quot;:&quot;0&quot;,&quot;shutter_speed&quot;:&quot;0&quot;,&quot;title&quot;:&quot;&quot;,&quot;orientation&quot;:&quot;1&quot;}\" data-image-title=\"createur-lien-social\" data-image-description=\"\" data-medium-file=\"https:\/\/i2.wp.com\/www.ungrandmarche.fr\/blog\/wp-content\/uploads\/2020\/11\/createur-lien-social.jpg?fit=300%2C120&amp;ssl=1\" data-large-file=\"https:\/\/i2.wp.com\/www.ungrandmarche.fr\/blog\/wp-content\/uploads\/2020\/11\/createur-lien-social.jpg?fit=1024%2C410&amp;ssl=1\" loading=\"lazy\" width=\"1024\" height=\"410\" src=\"https:\/\/i2.wp.com\/www.ungrandmarche.fr\/blog\/wp-content\/uploads\/2020\/11\/createur-lien-social.jpg?resize=1024%2C410&#038;ssl=1\" alt=\"\" class=\"wp-image-4303\" srcset=\"https:\/\/i2.wp.com\/www.ungrandmarche.fr\/blog\/wp-content\/uploads\/2020\/11\/createur-lien-social.jpg?w=1024&amp;ssl=1 1024w, https:\/\/i2.wp.com\/www.ungrandmarche.fr\/blog\/wp-content\/uploads\/2020\/11\/createur-lien-social.jpg?resize=300%2C120&amp;ssl=1 300w, https:\/\/i2.wp.com\/www.ungrandmarche.fr\/blog\/wp-content\/uploads\/2020\/11\/createur-lien-social.jpg?resize=768%2C308&amp;ssl=1 768w\" sizes=\"(max-width: 1024px) 100vw, 1024px\" data-recalc-dims=\"1\" \/><\/figure>\n\n\n\n<h2 class=\"has-text-align-center\">Le lien humain, plus n\u00e9cessaire que jamais<\/h2>\n\n\n\n<hr class=\"wp-block-separator is-style-wide\"\/>\n\n\n\n<div class=\"wp-block-columns\">\n<div class=\"wp-block-column\" style=\"flex-basis:20%\"><\/div>\n\n\n\n<div class=\"wp-block-column\" style=\"flex-basis:60%\">\n<p class=\"has-text-align-center\">Les rendez-vous comme les march\u00e9s de No\u00ebl ou les salons sont primordiaux pour les cr\u00e9ateurs qui travaillent souvent seuls dans leurs ateliers tout au long de l\u2019ann\u00e9e. Gr\u00e2ce \u00e0 ces \u00e9v\u00e9nements ponctuels, ils peuvent rencontrer leurs clients, l\u2019occasion pour eux de partager leurs savoir-faire, leurs histoires et leurs anecdotes : des aspects qui comptent beaucoup pour les clients qui veulent acheter bien plus qu\u2019un simple produit, qui sont \u00e0 la recherche d\u2019un produit qui a une histoire, qui a \u00e9t\u00e9 pens\u00e9 et fabriqu\u00e9 avec amour et passion.Ces rendez-vous leur permettent aussi de rencontrer des cr\u00e9ateurs comme eux pour partager leurs succ\u00e8s et leurs gal\u00e8res, pour s\u2019\u00e9changer leurs bons conseils, pour cr\u00e9er du lien et \u201cr\u00e9seauter\u201d dans le but de se faire conna\u00eetre au sein du microcosme cr\u00e9atif.<br><\/p>\n\n\n\n<div style=\"height:20px\" aria-hidden=\"true\" class=\"wp-block-spacer\"><\/div>\n\n\n\n<p class=\"has-text-align-center\">Ces rencontres sont souvent le fruit de belles amiti\u00e9s et de beaux projets comme par exemple l\u2019organisation d\u2019un nouvel \u00e9v\u00e9nement ou l\u2019ouverture d\u2019une boutique physique en commun.Malgr\u00e9 ces annulations, les cr\u00e9ateurs savent garder le lien au-del\u00e0 du physique. Et oui, le lien humain est aussi possible en ligne, les r\u00e9seaux sociaux en sont les meilleurs t\u00e9moins.<br><\/p>\n\n\n\n<div style=\"height:20px\" aria-hidden=\"true\" class=\"wp-block-spacer\"><\/div>\n\n\n\n<p class=\"has-text-align-center\">Les cr\u00e9ateurs se regroupent pour \u00e9changer et trouver des solutions face \u00e0 cette crise sanitaire sans pr\u00e9c\u00e9dent. Ils s\u2019\u00e9changent leurs bonnes pratiques, se motivent, lancent des actions collectives pour se faire entendre, se faire conna\u00eetre et sauver leur activit\u00e9.<br>Sur Facebook par exemple, Marie-France anime avec brio le groupe \u201cUn Grand March\u00e9 de la Mercerie \u00e0 la Cr\u00e9ation\u201d, un groupe qui a pour but de rassembler les cr\u00e9ateurs ayant une boutique sur le site, d\u2019organiser des challenges, de faire conna\u00eetre les petits nouveaux, de partager des conseils. Elle-m\u00eame Merci\u00e8re sur le site, Marie-France a craqu\u00e9 sur plusieurs cr\u00e9ations fait-main, propos\u00e9es par des cr\u00e9atrices du groupe.<\/p>\n<\/div>\n\n\n\n<div class=\"wp-block-column\" style=\"flex-basis:20%\"><\/div>\n<\/div>\n\n\n\n<figure class=\"wp-block-pullquote\"><blockquote><p><em>\u201cMes fournisseurs \u00e9tant ferm\u00e9s \u00e0 Paris, \u00e7a m\u2019a permis d\u2019en conna\u00eetre d\u2019autres via internet et de lier de nouvelles amiti\u00e9s\u201d<\/em><\/p><cite>Cathy B.<\/cite><\/blockquote><\/figure>\n\n\n\n<figure class=\"wp-block-pullquote\"><blockquote><p>\u201c<em>Je ne retiens que le positif de cette \u00e9trange ann\u00e9e. J\u2019ai vu plein de bonnes choses ressortir de tout \u00e7a. Une entraide incroyable s\u2019est mise en place et j\u2019ai rencontr\u00e9 virtuellement de merveilleuses personnes !\u201d<\/em><\/p><cite>Alexandra R.<\/cite><\/blockquote><\/figure>\n\n\n\n<div class=\"wp-block-columns\">\n<div class=\"wp-block-column\" style=\"flex-basis:20%\"><\/div>\n\n\n\n<div class=\"wp-block-column\" style=\"flex-basis:60%\">\n<p class=\"has-text-align-center\">Le lien humain s\u2019est aussi fortement solidifi\u00e9 depuis le d\u00e9but de la crise sanitaire. La solidarit\u00e9 \u00e9tait de mise avec notamment de belles actions entreprises par les cr\u00e9ateurs fran\u00e7ais pour pallier le manque de masques chirurgicaux. De nombreux cr\u00e9ateurs se sont en effet mobilis\u00e9s pour fabriquer des masques de protection alternatifs destin\u00e9s aux personnes qui continuaient de travailler pendant la p\u00e9riode, le but : les prot\u00e9ger \u00e0 tout prix.<\/p>\n<\/div>\n\n\n\n<div class=\"wp-block-column\" style=\"flex-basis:20%\"><\/div>\n<\/div>\n\n\n\n<figure class=\"wp-block-pullquote\"><blockquote><p>\u201c<em>Mon plus grand d\u00e9fi de cette ann\u00e9e fut de faire plus de 1000 masques pour les soignants qui me l\u2019ont demand\u00e9 et malgr\u00e9 ce gros travail qui m\u2019a pris beaucoup de temps, j\u2019ai r\u00e9ussi \u00e0 confectionner quelques cr\u00e9ations, les ventes n\u2019\u00e9taient pas au rdv mais mon c\u00f4t\u00e9 positif m\u2019a incit\u00e9e \u00e0 pers\u00e9v\u00e9rer et je suis r\u00e9compens\u00e9e par les ventes qui se succ\u00e8dent depuis octobre et par les \u00e9changes tr\u00e8s agr\u00e9ables avec les client(e)s.\u201d<\/em><\/p><cite>Gislaine L.<\/cite><\/blockquote><\/figure>\n\n\n\n<figure class=\"wp-block-pullquote\"><blockquote><p><em>\u201cAvec cette crise j\u2019ai oscill\u00e9 entre fatalisme et t\u00e9nacit\u00e9. Mais aid\u00e9e de mon entourage et du soutien de ma communaut\u00e9 des r\u00e9seaux sociaux, de mes clients, de tout le monde, je n\u2019ai jamais baiss\u00e9 les bras. Et c\u2019est bien l\u00e0 mon plus grand d\u00e9fi\u2026 et fiert\u00e9 aussi je dois l\u2019avouer, d\u2019avoir su m\u2019accrocher, rester positive et joyeuse.\u201d<\/em><\/p><cite><em>C\u00e9line N.<\/em><\/cite><\/blockquote><\/figure>\n\n\n\n<div class=\"wp-block-columns\">\n<div class=\"wp-block-column\" style=\"flex-basis:20%\"><\/div>\n\n\n\n<div class=\"wp-block-column\" style=\"flex-basis:60%\">\n<p class=\"has-text-align-center\">Dans l\u2019\u00e9quipe Un Grand March\u00e9, nous sommes conscients que cette p\u00e9riode est compliqu\u00e9e pour des ind\u00e9pendants qui viennent de se lancer mais aussi pour ceux qui sont install\u00e9s depuis longtemps.<\/p>\n\n\n\n<div style=\"height:20px\" aria-hidden=\"true\" class=\"wp-block-spacer\"><\/div>\n\n\n\n<p class=\"has-text-align-center\">A travers des communiqu\u00e9s de presse, des actions sur les r\u00e9seaux sociaux et des partages d\u2019exp\u00e9riences, nous voulons montrer que derri\u00e8re chaque cr\u00e9ation se cachent des heures de r\u00e9flexion, beaucoup de minutie et un engagement \u00e9motionnel important.<\/p>\n<\/div>\n\n\n\n<div class=\"wp-block-column\" style=\"flex-basis:20%\"><\/div>\n<\/div>\n\n\n\n<figure class=\"wp-block-image size-large\"><img data-attachment-id=\"4300\" data-permalink=\"https:\/\/www.ungrandmarche.fr\/blog\/actualites\/createurs-francais-en-2020\/attachment\/createur-digitalisation\/\" data-orig-file=\"https:\/\/i0.wp.com\/www.ungrandmarche.fr\/blog\/wp-content\/uploads\/2020\/11\/createur-digitalisation.jpg?fit=1024%2C410&amp;ssl=1\" data-orig-size=\"1024,410\" data-comments-opened=\"1\" data-image-meta=\"{&quot;aperture&quot;:&quot;0&quot;,&quot;credit&quot;:&quot;&quot;,&quot;camera&quot;:&quot;&quot;,&quot;caption&quot;:&quot;&quot;,&quot;created_timestamp&quot;:&quot;0&quot;,&quot;copyright&quot;:&quot;&quot;,&quot;focal_length&quot;:&quot;0&quot;,&quot;iso&quot;:&quot;0&quot;,&quot;shutter_speed&quot;:&quot;0&quot;,&quot;title&quot;:&quot;&quot;,&quot;orientation&quot;:&quot;1&quot;}\" data-image-title=\"createur-digitalisation\" data-image-description=\"\" data-medium-file=\"https:\/\/i0.wp.com\/www.ungrandmarche.fr\/blog\/wp-content\/uploads\/2020\/11\/createur-digitalisation.jpg?fit=300%2C120&amp;ssl=1\" data-large-file=\"https:\/\/i0.wp.com\/www.ungrandmarche.fr\/blog\/wp-content\/uploads\/2020\/11\/createur-digitalisation.jpg?fit=1024%2C410&amp;ssl=1\" loading=\"lazy\" width=\"1024\" height=\"410\" src=\"https:\/\/i0.wp.com\/www.ungrandmarche.fr\/blog\/wp-content\/uploads\/2020\/11\/createur-digitalisation.jpg?resize=1024%2C410&#038;ssl=1\" alt=\"\" class=\"wp-image-4300\" srcset=\"https:\/\/i0.wp.com\/www.ungrandmarche.fr\/blog\/wp-content\/uploads\/2020\/11\/createur-digitalisation.jpg?w=1024&amp;ssl=1 1024w, https:\/\/i0.wp.com\/www.ungrandmarche.fr\/blog\/wp-content\/uploads\/2020\/11\/createur-digitalisation.jpg?resize=300%2C120&amp;ssl=1 300w, https:\/\/i0.wp.com\/www.ungrandmarche.fr\/blog\/wp-content\/uploads\/2020\/11\/createur-digitalisation.jpg?resize=768%2C308&amp;ssl=1 768w\" sizes=\"(max-width: 1024px) 100vw, 1024px\" data-recalc-dims=\"1\" \/><\/figure>\n\n\n\n<h2 class=\"has-text-align-center\">L&#8217;importance de la digitalisation<\/h2>\n\n\n\n<hr class=\"wp-block-separator is-style-wide\"\/>\n\n\n\n<div class=\"wp-block-columns\">\n<div class=\"wp-block-column\" style=\"flex-basis:20%\"><\/div>\n\n\n\n<div class=\"wp-block-column\" style=\"flex-basis:60%\">\n<p class=\"has-text-align-center\">Beaucoup de cr\u00e9ateurs fran\u00e7ais ind\u00e9pendants utilisent des canaux de vente physiques comme les march\u00e9s, les salons ou encore les boutiques partag\u00e9es de cr\u00e9ateurs en c\u0153ur de villes. La vente physique est un moyen pour eux de rencontrer d\u2019autres cr\u00e9ateurs et leurs clients, de pouvoir partager leur savoir-faire et transmettre leur passion.<\/p>\n\n\n\n<div style=\"height:20px\" aria-hidden=\"true\" class=\"wp-block-spacer\"><\/div>\n\n\n\n<p class=\"has-text-align-center\">Certains utilisent ce type de distribution par choix, parfois par manque de temps et d\u2019argent ou parce qu\u2019ils n\u2019ont pas assez d\u2019expertise dans l\u2019informatique pour monter un site internet marchand.<br><\/p>\n\n\n\n<div style=\"height:20px\" aria-hidden=\"true\" class=\"wp-block-spacer\"><\/div>\n\n\n\n<p class=\"has-text-align-center\">La digitalisation des ind\u00e9pendants est pourtant une \u00e9tape primordiale pour surmonter les difficult\u00e9s li\u00e9es aux annulations d\u2019\u00e9v\u00e8nements physiques et aux fermetures administratives de leurs commerces. Les cr\u00e9ateurs digitalis\u00e9s utilisent principalement internet pour doubler leur chance d\u2019atteindre une nouvelle client\u00e8le et de s\u2019assurer des ventes en p\u00e9riodes plus creuses.<\/p>\n<\/div>\n\n\n\n<div class=\"wp-block-column\" style=\"flex-basis:20%\"><\/div>\n<\/div>\n\n\n\n<figure class=\"wp-block-pullquote\"><blockquote><p><em>\u201cMon d\u00e9fi a \u00e9t\u00e9 de pallier la crise en misant tout sur le virtuel : march\u00e9 de no\u00ebl virtuel, d\u00e9veloppement de ma boutique et de ma communication en ligne.\u201d<\/em><\/p><cite>Sandrine L.<\/cite><\/blockquote><\/figure>\n\n\n\n<figure class=\"wp-block-pullquote\"><blockquote><p>\u201cMon d\u00e9fi :\u00a0<em>Survivre au covid !<\/em>\u00a0<em>G\u00e9rer financi\u00e8rement les annulations des march\u00e9s, salons, expos qui font mon CA principalement et g\u00e9rer beaucoup de stocks pr\u00e9vus pour les f\u00eates\u2026 J\u2019ai aussi pu r\u00e9-ouvrir une boutique en ligne chez UGM, avec la nouvelle collection 2020-2021. Avant tout avancer sans regarder derri\u00e8re&#8230;. Et \u00eatre fier des \u00e9preuves surmont\u00e9es. Le meilleur reste \u00e0 venir, la pers\u00e9v\u00e9rance, le travail, l\u2019investissement de soi est la cl\u00e9 de la solution.\u201d<\/em><\/p><\/blockquote><\/figure>\n\n\n\n<div class=\"wp-block-columns\">\n<div class=\"wp-block-column\" style=\"flex-basis:20%\"><\/div>\n\n\n\n<div class=\"wp-block-column\" style=\"flex-basis:60%\">\n<p class=\"has-text-align-center\"><a href=\"http:\/\/www.ungrandmarche.fr\">Un Grand March\u00e9<\/a> a pour vocation d\u2019accompagner ces professionnels ind\u00e9pendants en leur apportant un outil complet pour qu\u2019ils puissent cr\u00e9er leur boutique en ligne sur une plateforme sp\u00e9cialis\u00e9e, regroupant des cr\u00e9atifs fran\u00e7ais, comme eux.<\/p>\n<\/div>\n\n\n\n<div class=\"wp-block-column\" style=\"flex-basis:20%\"><\/div>\n<\/div>\n\n\n\n<figure class=\"wp-block-pullquote\"><blockquote><p>\u201c<em>La r\u00e9volution num\u00e9rique. J\u2019ai cr\u00e9\u00e9 ma boutique le 30 octobre et j\u2019ai fait 5 ventes. J\u2019apprends tous les jours et je pense qu\u2019avec le temps je m\u2019en sortirai de mieux en mieux.\u201d<\/em><\/p><cite>Papillons chiffons<\/cite><\/blockquote><\/figure>\n\n\n\n<figure class=\"wp-block-image size-large\"><img data-attachment-id=\"4304\" data-permalink=\"https:\/\/www.ungrandmarche.fr\/blog\/actualites\/createurs-francais-en-2020\/attachment\/professionalisation\/\" data-orig-file=\"https:\/\/i0.wp.com\/www.ungrandmarche.fr\/blog\/wp-content\/uploads\/2020\/11\/professionalisation.jpg?fit=1024%2C410&amp;ssl=1\" data-orig-size=\"1024,410\" data-comments-opened=\"1\" data-image-meta=\"{&quot;aperture&quot;:&quot;0&quot;,&quot;credit&quot;:&quot;&quot;,&quot;camera&quot;:&quot;&quot;,&quot;caption&quot;:&quot;&quot;,&quot;created_timestamp&quot;:&quot;0&quot;,&quot;copyright&quot;:&quot;&quot;,&quot;focal_length&quot;:&quot;0&quot;,&quot;iso&quot;:&quot;0&quot;,&quot;shutter_speed&quot;:&quot;0&quot;,&quot;title&quot;:&quot;&quot;,&quot;orientation&quot;:&quot;1&quot;}\" data-image-title=\"professionalisation\" data-image-description=\"\" data-medium-file=\"https:\/\/i0.wp.com\/www.ungrandmarche.fr\/blog\/wp-content\/uploads\/2020\/11\/professionalisation.jpg?fit=300%2C120&amp;ssl=1\" data-large-file=\"https:\/\/i0.wp.com\/www.ungrandmarche.fr\/blog\/wp-content\/uploads\/2020\/11\/professionalisation.jpg?fit=1024%2C410&amp;ssl=1\" loading=\"lazy\" width=\"1024\" height=\"410\" src=\"https:\/\/i0.wp.com\/www.ungrandmarche.fr\/blog\/wp-content\/uploads\/2020\/11\/professionalisation.jpg?resize=1024%2C410&#038;ssl=1\" alt=\"\" class=\"wp-image-4304\" srcset=\"https:\/\/i0.wp.com\/www.ungrandmarche.fr\/blog\/wp-content\/uploads\/2020\/11\/professionalisation.jpg?w=1024&amp;ssl=1 1024w, https:\/\/i0.wp.com\/www.ungrandmarche.fr\/blog\/wp-content\/uploads\/2020\/11\/professionalisation.jpg?resize=300%2C120&amp;ssl=1 300w, https:\/\/i0.wp.com\/www.ungrandmarche.fr\/blog\/wp-content\/uploads\/2020\/11\/professionalisation.jpg?resize=768%2C308&amp;ssl=1 768w\" sizes=\"(max-width: 1024px) 100vw, 1024px\" data-recalc-dims=\"1\" \/><\/figure>\n\n\n\n<h2 class=\"has-text-align-center\">La professionnalisation de l&#8217;activit\u00e9 cr\u00e9ative<\/h2>\n\n\n\n<hr class=\"wp-block-separator is-style-wide\"\/>\n\n\n\n<div class=\"wp-block-columns\">\n<div class=\"wp-block-column\" style=\"flex-basis:20%\"><\/div>\n\n\n\n<div class=\"wp-block-column\" style=\"flex-basis:60%\">\n<p class=\"has-text-align-center\">Il y a celles et ceux qui cr\u00e9ent pour le plaisir, pour passer le temps, ceux qui ont cr\u00e9\u00e9 une entreprise pour travailler \u00e0 temps complet sur leurs cr\u00e9ations et ceux qui r\u00eavent secr\u00e8tement au jour o\u00f9 ils pourront vivre de leur passion. Il y a aussi celles et ceux qui y ont pens\u00e9 tellement fort, qui ont tellement cru en leur projet et qui ont fini par se lancer dans l\u2019aventure de l\u2019entrepreneuriat cr\u00e9atif.<\/p>\n<\/div>\n\n\n\n<div class=\"wp-block-column\" style=\"flex-basis:20%\"><\/div>\n<\/div>\n\n\n\n<figure class=\"wp-block-pullquote\"><blockquote><p>\u201c<em>Pour ma part j\u2019ai saut\u00e9 le pas de l\u2019entrepreunariat ! Et quelle aventure ! Un challenge super motivant qui se concr\u00e9tise apr\u00e8s plusieurs ann\u00e9es sans oser me lancer&#8230; et aujourd\u2019hui je peux dire que je suis fi\u00e8re de l\u2019avoir fait et encore plus quand je vois que mon travail est appr\u00e9ci\u00e9 et r\u00e9compens\u00e9.\u201d<\/em><\/p><cite>Sylvie C.<\/cite><\/blockquote><\/figure>\n\n\n\n<div class=\"wp-block-columns\">\n<div class=\"wp-block-column\" style=\"flex-basis:20%\"><\/div>\n\n\n\n<div class=\"wp-block-column\" style=\"flex-basis:60%\">\n<p class=\"has-text-align-center\">\u00c7a para\u00eet facile sur le papier mais la professionnalisation de l\u2019activit\u00e9 cr\u00e9ative est un r\u00e9el pas \u00e0 sauter pour beaucoup de cr\u00e9ateurs et cr\u00e9atrices. Elle reste pour autant une r\u00e9elle envie, un d\u00e9fi surmont\u00e9 ou \u00e0 surmonter dans les mois \u00e0 venir.<\/p>\n<\/div>\n\n\n\n<div class=\"wp-block-column\" style=\"flex-basis:20%\"><\/div>\n<\/div>\n\n\n\n<figure class=\"wp-block-pullquote\"><blockquote><p>\u201c<em>Mon d\u00e9fi \u00e7a a \u00e9t\u00e9 de passer en micro-entrepreneur fin 2019. Je compte bien sur 2021 pour bien d\u00e9coller. Le principal pour moi c\u2019est de faire ce que j\u2019aime.\u201d<\/em><\/p><cite>Lily Mam\u2019s<\/cite><\/blockquote><\/figure>\n\n\n\n<figure class=\"wp-block-image size-large\"><img data-attachment-id=\"4305\" data-permalink=\"https:\/\/www.ungrandmarche.fr\/blog\/actualites\/createurs-francais-en-2020\/attachment\/perseverance\/\" data-orig-file=\"https:\/\/i1.wp.com\/www.ungrandmarche.fr\/blog\/wp-content\/uploads\/2020\/11\/perseverance.jpg?fit=1024%2C410&amp;ssl=1\" data-orig-size=\"1024,410\" data-comments-opened=\"1\" data-image-meta=\"{&quot;aperture&quot;:&quot;0&quot;,&quot;credit&quot;:&quot;&quot;,&quot;camera&quot;:&quot;&quot;,&quot;caption&quot;:&quot;&quot;,&quot;created_timestamp&quot;:&quot;0&quot;,&quot;copyright&quot;:&quot;&quot;,&quot;focal_length&quot;:&quot;0&quot;,&quot;iso&quot;:&quot;0&quot;,&quot;shutter_speed&quot;:&quot;0&quot;,&quot;title&quot;:&quot;&quot;,&quot;orientation&quot;:&quot;1&quot;}\" data-image-title=\"perseverance\" data-image-description=\"\" data-medium-file=\"https:\/\/i1.wp.com\/www.ungrandmarche.fr\/blog\/wp-content\/uploads\/2020\/11\/perseverance.jpg?fit=300%2C120&amp;ssl=1\" data-large-file=\"https:\/\/i1.wp.com\/www.ungrandmarche.fr\/blog\/wp-content\/uploads\/2020\/11\/perseverance.jpg?fit=1024%2C410&amp;ssl=1\" loading=\"lazy\" width=\"1024\" height=\"410\" src=\"https:\/\/i1.wp.com\/www.ungrandmarche.fr\/blog\/wp-content\/uploads\/2020\/11\/perseverance.jpg?resize=1024%2C410&#038;ssl=1\" alt=\"\" class=\"wp-image-4305\" srcset=\"https:\/\/i1.wp.com\/www.ungrandmarche.fr\/blog\/wp-content\/uploads\/2020\/11\/perseverance.jpg?w=1024&amp;ssl=1 1024w, https:\/\/i1.wp.com\/www.ungrandmarche.fr\/blog\/wp-content\/uploads\/2020\/11\/perseverance.jpg?resize=300%2C120&amp;ssl=1 300w, https:\/\/i1.wp.com\/www.ungrandmarche.fr\/blog\/wp-content\/uploads\/2020\/11\/perseverance.jpg?resize=768%2C308&amp;ssl=1 768w\" sizes=\"(max-width: 1024px) 100vw, 1024px\" data-recalc-dims=\"1\" \/><\/figure>\n\n\n\n<h2 class=\"has-text-align-center\">La pers\u00e9v\u00e9rance \u00e0 travers l&#8217;auto-formation et l&#8217;adaptation<\/h2>\n\n\n\n<hr class=\"wp-block-separator is-style-wide\"\/>\n\n\n\n<div class=\"wp-block-columns\">\n<div class=\"wp-block-column\" style=\"flex-basis:20%\"><\/div>\n\n\n\n<div class=\"wp-block-column\" style=\"flex-basis:60%\">\n<p class=\"has-text-align-center\">De nombreux t\u00e9moignages nous montrent que dans l\u2019activit\u00e9 cr\u00e9ative, il y a une part tr\u00e8s importante d\u2019auto-formation. Tous les cr\u00e9ateurs n\u2019ont pas fait d\u2019\u00e9tudes dans le domaine, beaucoup sont autodidactes. Nombreux sont ceux qui ont cette envie et ce besoin de se perfectionner, d\u2019apprendre de nouvelles choses, par eux-m\u00eames, en essayant ou encore en apprenant des autres et des ressources comme les tutoriels en ligne ou les blogs sp\u00e9cialis\u00e9s.<\/p>\n<\/div>\n\n\n\n<div class=\"wp-block-column\" style=\"flex-basis:20%\"><\/div>\n<\/div>\n\n\n\n<figure class=\"wp-block-pullquote\"><blockquote><p><em>\u201cMon plus grand d\u00e9fi, la couture, je n\u2019avais jamais mis la main sur une machine \u00e0 coudre, il y a un d\u00e9but \u00e0 tout, \u00e0 57 ans, je cr\u00e9e de mes propres mains et je m\u2019\u00e9pate \u00e0 chaque nouvelle cr\u00e9ation.\u201d<\/em><\/p><cite>Sylvie L.<\/cite><\/blockquote><\/figure>\n\n\n\n<div class=\"wp-block-columns\">\n<div class=\"wp-block-column\" style=\"flex-basis:20%\"><\/div>\n\n\n\n<div class=\"wp-block-column\" style=\"flex-basis:60%\">\n<p class=\"has-text-align-center\">Cette pers\u00e9v\u00e9rance caract\u00e9rise beaucoup de nos cr\u00e9ateurs fran\u00e7ais, ils ont cette envie d\u2019apprendre et de s\u2019am\u00e9liorer de jour en jour. Cela passe souvent par des remises en question, qui sont b\u00e9n\u00e9fiques pour eux et pour leur activit\u00e9.<br><\/p>\n\n\n\n<div style=\"height:20px\" aria-hidden=\"true\" class=\"wp-block-spacer\"><\/div>\n\n\n\n<p class=\"has-text-align-center\">Par exemple, certains cr\u00e9ateurs fran\u00e7ais qui cr\u00e9aient selon leurs envies et selon ce qu\u2019ils aimaient, eux, \u00e0 la base, adaptent d\u00e9sormais leurs techniques et m\u00e9thodes de cr\u00e9ations pour pouvoir r\u00e9pondre aux demandes de leurs clients et explorer de nouvelles opportunit\u00e9s.<\/p>\n<\/div>\n\n\n\n<div class=\"wp-block-column\" style=\"flex-basis:20%\"><\/div>\n<\/div>\n\n\n\n<figure class=\"wp-block-pullquote\"><blockquote><p>\u201c<em>Mon grand d\u00e9fi a \u00e9t\u00e9 de cr\u00e9er en n\u2019achetant presque aucune mati\u00e8re 1\u00e8re pour minimiser les frais. \u00c7a a d\u00e9velopp\u00e9 ma cr\u00e9ativit\u00e9 et je m\u2019en suis plut\u00f4t bien sortie.\u201d<\/em><\/p><cite>C\u00e9line V.<\/cite><\/blockquote><\/figure>\n\n\n\n<figure class=\"wp-block-pullquote\"><blockquote><p>\u201c<em>Me r\u00e9inventer, chercher des solutions, me cr\u00e9er une identit\u00e9 de marque plus forte, mettre en valeur et communiquer sur mon savoir faire et mes valeurs !\u201d<\/em><\/p><cite>Julie A.<\/cite><\/blockquote><\/figure>\n\n\n<div class=\"su-button-center\"><a href=\"https:\/\/www.ungrandmarche.fr\/\" class=\"su-button su-button-style-flat\" style=\"color:#FFFFFF;background-color:#22254E;border-color:#1c1e3f;border-radius:40px;-moz-border-radius:40px;-webkit-border-radius:40px\" target=\"_blank\" rel=\"noopener noreferrer\"><span style=\"color:#FFFFFF;padding:0px 20px;font-size:16px;line-height:32px;border-color:#656784;border-radius:40px;-moz-border-radius:40px;-webkit-border-radius:40px;text-shadow:none;-moz-text-shadow:none;-webkit-text-shadow:none\"> <strong>RETOUR SUR UN GRAND MARCH\u00c9<\/strong><\/span><\/a><\/div>\n","protected":false},"excerpt":{"rendered":"<p>2020 avait pourtant bien commenc\u00e9, beaucoup de cr\u00e9ateurs fran\u00e7ais avaient des projets plein la t\u00eate pour cette nouvelle ann\u00e9e : continuer leur digitalisation, proposer de nouvelles cr\u00e9ations, se perfectionner sur de nouvelles techniques cr\u00e9atives, ouvrir [&hellip;]<\/p>\n","protected":false},"author":6,"featured_media":4302,"comment_status":"closed","ping_status":"open","sticky":false,"template":"","format":"standard","meta":{"spay_email":"","jetpack_publicize_message":"","jetpack_is_tweetstorm":false},"categories":[70],"tags":[131,114],"jetpack_featured_media_url":"https:\/\/i1.wp.com\/www.ungrandmarche.fr\/blog\/wp-content\/uploads\/2020\/11\/createur-en-2020.jpg?fit=1024%2C410&ssl=1","jetpack_publicize_connections":[],"jetpack_sharing_enabled":true,"jetpack_shortlink":"https:\/\/wp.me\/pfn3aZ-175","jetpack-related-posts":[],"jetpack_likes_enabled":true,"_links":{"self":[{"href":"https:\/\/www.ungrandmarche.fr\/blog\/wp-json\/wp\/v2\/posts\/4283"}],"collection":[{"href":"https:\/\/www.ungrandmarche.fr\/blog\/wp-json\/wp\/v2\/posts"}],"about":[{"href":"https:\/\/www.ungrandmarche.fr\/blog\/wp-json\/wp\/v2\/types\/post"}],"author":[{"embeddable":true,"href":"https:\/\/www.ungrandmarche.fr\/blog\/wp-json\/wp\/v2\/users\/6"}],"replies":[{"embeddable":true,"href":"https:\/\/www.ungrandmarche.fr\/blog\/wp-json\/wp\/v2\/comments?post=4283"}],"version-history":[{"count":17,"href":"https:\/\/www.ungrandmarche.fr\/blog\/wp-json\/wp\/v2\/posts\/4283\/revisions"}],"predecessor-version":[{"id":4307,"href":"https:\/\/www.ungrandmarche.fr\/blog\/wp-json\/wp\/v2\/posts\/4283\/revisions\/4307"}],"wp:featuredmedia":[{"embeddable":true,"href":"https:\/\/www.ungrandmarche.fr\/blog\/wp-json\/wp\/v2\/media\/4302"}],"wp:attachment":[{"href":"https:\/\/www.ungrandmarche.fr\/blog\/wp-json\/wp\/v2\/media?parent=4283"}],"wp:term":[{"taxonomy":"category","embeddable":true,"href":"https:\/\/www.ungrandmarche.fr\/blog\/wp-json\/wp\/v2\/categories?post=4283"},{"taxonomy":"post_tag","embeddable":true,"href":"https:\/\/www.ungrandmarche.fr\/blog\/wp-json\/wp\/v2\/tags?post=4283"}],"curies":[{"name":"wp","href":"https:\/\/api.w.org\/{rel}","templated":true}]}}