{"id":5367,"date":"2024-12-18T10:03:23","date_gmt":"2024-12-18T09:03:23","guid":{"rendered":"https:\/\/www.ungrandmarche.fr\/blog\/?p=5367"},"modified":"2024-12-18T10:04:18","modified_gmt":"2024-12-18T09:04:18","slug":"imprime-vichy","status":"publish","type":"post","link":"https:\/\/www.ungrandmarche.fr\/blog\/tendances\/decoration\/imprime-vichy\/","title":{"rendered":"Vini Vidi Vichy : dire oui \u00e0 l&#8217;imprim\u00e9 Vichy"},"content":{"rendered":"\n<div class=\"wp-block-columns\">\n<div class=\"wp-block-column\" style=\"flex-basis:15%\"><\/div>\n\n\n\n<div class=\"wp-block-column\" style=\"flex-basis:70%\">\n<div style=\"height:20px\" aria-hidden=\"true\" class=\"wp-block-spacer\"><\/div>\n\n\n\n<p class=\"has-text-align-justify\">Le grand\u00a0 retour du Vichy dans nos penderies est la preuve, une fois de plus, que \u201cLa mode est un \u00e9ternel recommencement\u201d ! Longtemps associ\u00e9 aux nappes de pique-nique, aux produits agro-alimentaires ou encore aux v\u00eatements pour enfants, ce motif iconique au charme intemporel s\u2019invite dans nos dressings et nos int\u00e9rieurs avec modernit\u00e9. C&#8217;est parti pour un <strong>d\u00e9cryptage de l&#8217;imprim\u00e9 vichy<\/strong> qui signe un come-back remarqu\u00e9 cette ann\u00e9e.<\/p>\n<\/div>\n\n\n\n<div class=\"wp-block-column\" style=\"flex-basis:15%\"><\/div>\n<\/div>\n\n\n\n<div style=\"height:30px\" aria-hidden=\"true\" class=\"wp-block-spacer\"><\/div>\n\n\n\n<p>Couverture : <a href=\"https:\/\/www.ungrandmarche.fr\/boutique\/au-point-zig-zag\">Au- point-zig-zag<\/a> <\/p>\n\n\n\n<div style=\"height:30px\" aria-hidden=\"true\" class=\"wp-block-spacer\"><\/div>\n\n\n\n<figure class=\"wp-block-image size-large\"><img data-attachment-id=\"10005\" data-permalink=\"https:\/\/www.ungrandmarche.fr\/blog\/tendances\/decoration\/imprime-vichy\/attachment\/tendance-vichy-mode-deco\/\" data-orig-file=\"https:\/\/i0.wp.com\/www.ungrandmarche.fr\/blog\/wp-content\/uploads\/2024\/12\/tendance-vichy-mode-deco.jpg?fit=1024%2C410&amp;ssl=1\" data-orig-size=\"1024,410\" data-comments-opened=\"1\" data-image-meta=\"{&quot;aperture&quot;:&quot;0&quot;,&quot;credit&quot;:&quot;&quot;,&quot;camera&quot;:&quot;&quot;,&quot;caption&quot;:&quot;&quot;,&quot;created_timestamp&quot;:&quot;0&quot;,&quot;copyright&quot;:&quot;&quot;,&quot;focal_length&quot;:&quot;0&quot;,&quot;iso&quot;:&quot;0&quot;,&quot;shutter_speed&quot;:&quot;0&quot;,&quot;title&quot;:&quot;&quot;,&quot;orientation&quot;:&quot;1&quot;}\" data-image-title=\"tendance-vichy-mode-deco\" data-image-description=\"\" data-medium-file=\"https:\/\/i0.wp.com\/www.ungrandmarche.fr\/blog\/wp-content\/uploads\/2024\/12\/tendance-vichy-mode-deco.jpg?fit=300%2C120&amp;ssl=1\" data-large-file=\"https:\/\/i0.wp.com\/www.ungrandmarche.fr\/blog\/wp-content\/uploads\/2024\/12\/tendance-vichy-mode-deco.jpg?fit=1024%2C410&amp;ssl=1\" loading=\"lazy\" width=\"1024\" height=\"410\" src=\"https:\/\/i0.wp.com\/www.ungrandmarche.fr\/blog\/wp-content\/uploads\/2024\/12\/tendance-vichy-mode-deco.jpg?resize=1024%2C410&#038;ssl=1\" alt=\"\" class=\"wp-image-10005\" srcset=\"https:\/\/i0.wp.com\/www.ungrandmarche.fr\/blog\/wp-content\/uploads\/2024\/12\/tendance-vichy-mode-deco.jpg?w=1024&amp;ssl=1 1024w, https:\/\/i0.wp.com\/www.ungrandmarche.fr\/blog\/wp-content\/uploads\/2024\/12\/tendance-vichy-mode-deco.jpg?resize=300%2C120&amp;ssl=1 300w, https:\/\/i0.wp.com\/www.ungrandmarche.fr\/blog\/wp-content\/uploads\/2024\/12\/tendance-vichy-mode-deco.jpg?resize=768%2C308&amp;ssl=1 768w\" sizes=\"(max-width: 1024px) 100vw, 1024px\" data-recalc-dims=\"1\" \/><figcaption><a href=\"https:\/\/www.ungrandmarche.fr\/mercerie\/l-atelier-de-maryline\">L&#8217;atelier de Maryline<\/a> &#8211; <a href=\"https:\/\/www.ungrandmarche.fr\/boutique\/de-nature-coloree\">De nature color\u00e9e<\/a><\/figcaption><\/figure>\n\n\n\n<div class=\"wp-block-columns\">\n<div class=\"wp-block-column\" style=\"flex-basis:20%\"><\/div>\n\n\n\n<div class=\"wp-block-column\" style=\"flex-basis:60%\">\n<h2 class=\"has-text-align-center\">Explorer les origines du tissu vichy<\/h2>\n\n\n\n<hr class=\"wp-block-separator is-style-wide\"\/>\n<\/div>\n\n\n\n<div class=\"wp-block-column\" style=\"flex-basis:20%\"><\/div>\n<\/div>\n\n\n\n<div class=\"wp-block-columns\">\n<div class=\"wp-block-column\" style=\"flex-basis:15%\"><\/div>\n\n\n\n<div class=\"wp-block-column\" style=\"flex-basis:70%\">\n<p class=\"has-text-align-justify\">Le vichy est un <strong>imprim\u00e9 \u00e0 carreaux<\/strong> embl\u00e9matique, r\u00e9alis\u00e9 sur des tissus en coton et d\u00e9clin\u00e9 dans une palette de couleurs vari\u00e9es. Il appartient \u00e0 la famille des tissus que l&#8217;on nomme \u00ab\u00a0tiss\u00e9s-teints\u00a0\u00bb, c\u2019est \u00e0 dire qui sont teints avant d\u2019\u00eatre tiss\u00e9s. Les nuances les plus populaires incluent le rouge, le noir, le bleu ciel et le rose bonbon. C\u2019est d\u2019ailleurs la juxtaposition de carr\u00e9s blancs et color\u00e9s qui le rend si unique et reconnaissable entre mille !<\/p>\n\n\n\n<div style=\"height:20px\" aria-hidden=\"true\" class=\"wp-block-spacer\"><\/div>\n\n\n\n<p class=\"has-text-align-justify\">Si l&#8217;origine de ce tissu est contest\u00e9e, c\u2019est au XX\u00e8me si\u00e8cle qu\u2019il se d\u00e9mocratise avec l&#8217;essor de l&#8217;industrialisation mondiale. En Europe puis aux \u00c9tats-Unis, il est devenu un pilier du pr\u00eat-\u00e0-porter d\u00e9contract\u00e9 en raison de son confort et de la long\u00e9vit\u00e9 de ses fibres. L&#8217;utilisation massive de ce tissu, notamment en milieu rural, en fait un incontournable de la garde-robe des femmes. <strong>Savoir-faire, qualit\u00e9 et authenticit\u00e9 <\/strong>sont devenus les ma\u00eetres mots du tissu vichy. Pas \u00e9tonnant donc qu\u2019une c\u00e9l\u00e8bre marque de saucisson l\u2019ait choisi pour sa communication et ses packagings !<\/p>\n\n\n\n<div style=\"height:20px\" aria-hidden=\"true\" class=\"wp-block-spacer\"><\/div>\n\n\n\n<p class=\"has-text-align-justify\">Mais au-del\u00e0 du march\u00e9 agro-alimentaire, le milieu de la mode aussi, s\u2019en est empar\u00e9 pour proposer <strong>des pi\u00e8ces alliant \u00e9l\u00e9gance et ce c\u00f4t\u00e9 campagne-chic que l\u2019on aime tant<\/strong>. Dans les ann\u00e9es 1950, l\u2019imprim\u00e9 conna\u00eet m\u00eame son heure de gloire, et pour cause ! La sublime Brigitte Bardot choisira de l\u2019adopter lors de son mariage, avec une robe vichy rose et blanche agr\u00e9ment\u00e9e d\u2019un col claudine et de broderies, aussi \u00e9l\u00e9gante que d\u00e9tonante !<\/p>\n\n\n\n<div style=\"height:20px\" aria-hidden=\"true\" class=\"wp-block-spacer\"><\/div>\n\n\n\n<p class=\"has-text-align-justify\">Quelques ann\u00e9es plus tard, la c\u00e9l\u00e8bre enseigne Tati d\u00e9cide de revisiter et d\u2019adopter le motif pour illustrer sa marque. Ces b\u00e2ches roses et blanches en vichy avaient d\u2019ailleurs \u00e9t\u00e9 une source d\u2019inspiration pour un grand couturier qui avait utilis\u00e9 le motif pour cr\u00e9er une collection sp\u00e9ciale !&nbsp;<\/p>\n\n\n\n<div style=\"height:20px\" aria-hidden=\"true\" class=\"wp-block-spacer\"><\/div>\n\n\n\n<p class=\"has-text-align-justify\">Aujourd\u2019hui, le Vichy n\u2019est pas une marque d\u00e9pos\u00e9e, ni une appellation d\u2019origine contr\u00f4l\u00e9e. Elle est un terme g\u00e9n\u00e9rique tomb\u00e9 dans le domaine public, utilis\u00e9 pour d\u00e9signer des <strong>\u00e9toffes \u00e0 carreaux<\/strong>.<\/p>\n\n\n\n<div style=\"height:20px\" aria-hidden=\"true\" class=\"wp-block-spacer\"><\/div>\n<\/div>\n\n\n\n<div class=\"wp-block-column\" style=\"flex-basis:15%\"><\/div>\n<\/div>\n\n\n\n<figure class=\"wp-block-image size-large\"><img data-attachment-id=\"10007\" data-permalink=\"https:\/\/www.ungrandmarche.fr\/blog\/tendances\/decoration\/imprime-vichy\/attachment\/tendance-tissu-vichy\/\" data-orig-file=\"https:\/\/i2.wp.com\/www.ungrandmarche.fr\/blog\/wp-content\/uploads\/2024\/12\/tendance-tissu-vichy.jpg?fit=1024%2C410&amp;ssl=1\" data-orig-size=\"1024,410\" data-comments-opened=\"1\" data-image-meta=\"{&quot;aperture&quot;:&quot;0&quot;,&quot;credit&quot;:&quot;&quot;,&quot;camera&quot;:&quot;&quot;,&quot;caption&quot;:&quot;&quot;,&quot;created_timestamp&quot;:&quot;0&quot;,&quot;copyright&quot;:&quot;&quot;,&quot;focal_length&quot;:&quot;0&quot;,&quot;iso&quot;:&quot;0&quot;,&quot;shutter_speed&quot;:&quot;0&quot;,&quot;title&quot;:&quot;&quot;,&quot;orientation&quot;:&quot;1&quot;}\" data-image-title=\"tendance-tissu-vichy\" data-image-description=\"\" data-medium-file=\"https:\/\/i2.wp.com\/www.ungrandmarche.fr\/blog\/wp-content\/uploads\/2024\/12\/tendance-tissu-vichy.jpg?fit=300%2C120&amp;ssl=1\" data-large-file=\"https:\/\/i2.wp.com\/www.ungrandmarche.fr\/blog\/wp-content\/uploads\/2024\/12\/tendance-tissu-vichy.jpg?fit=1024%2C410&amp;ssl=1\" loading=\"lazy\" width=\"1024\" height=\"410\" src=\"https:\/\/i2.wp.com\/www.ungrandmarche.fr\/blog\/wp-content\/uploads\/2024\/12\/tendance-tissu-vichy.jpg?resize=1024%2C410&#038;ssl=1\" alt=\"\" class=\"wp-image-10007\" srcset=\"https:\/\/i2.wp.com\/www.ungrandmarche.fr\/blog\/wp-content\/uploads\/2024\/12\/tendance-tissu-vichy.jpg?w=1024&amp;ssl=1 1024w, https:\/\/i2.wp.com\/www.ungrandmarche.fr\/blog\/wp-content\/uploads\/2024\/12\/tendance-tissu-vichy.jpg?resize=300%2C120&amp;ssl=1 300w, https:\/\/i2.wp.com\/www.ungrandmarche.fr\/blog\/wp-content\/uploads\/2024\/12\/tendance-tissu-vichy.jpg?resize=768%2C308&amp;ssl=1 768w\" sizes=\"(max-width: 1024px) 100vw, 1024px\" data-recalc-dims=\"1\" \/><figcaption><a href=\"https:\/\/www.ungrandmarche.fr\/boutique\/bazaracaro\">BAZARACARO<\/a><\/figcaption><\/figure>\n\n\n\n<div class=\"wp-block-columns\">\n<div class=\"wp-block-column\" style=\"flex-basis:20%\"><\/div>\n\n\n\n<div class=\"wp-block-column\" style=\"flex-basis:60%\">\n<h2 class=\"has-text-align-center\">Adopter l&#8217;imprim\u00e9 vichy en mode et d\u00e9coration<\/h2>\n\n\n\n<hr class=\"wp-block-separator is-style-wide\"\/>\n<\/div>\n\n\n\n<div class=\"wp-block-column\" style=\"flex-basis:20%\"><\/div>\n<\/div>\n\n\n\n<div class=\"wp-block-columns\">\n<div class=\"wp-block-column\" style=\"flex-basis:15%\"><\/div>\n\n\n\n<div class=\"wp-block-column\" style=\"flex-basis:70%\">\n<p class=\"has-text-align-justify\">Loin de son image strictement champ\u00eatre, le vichy se r\u00e9invente aujourd\u2019hui avec audace. Son design sobre et graphique le rend parfait pour des combinaisons mode vari\u00e9es, que ce soit pour un look r\u00e9tro, chic ou d\u00e9contract\u00e9. Cet imprim\u00e9 s\u2019adapte \u00e0 toutes nos envies stylistiques et d\u00e9cline son charme intemporel sur une multitude de pi\u00e8ces : robes, chemisiers, pantalons, accessoires comme des scrunchies ou des sacs, et m\u00eame sur des chaussures.<\/p>\n\n\n\n<div style=\"height:20px\" aria-hidden=\"true\" class=\"wp-block-spacer\"><\/div>\n\n\n\n<p class=\"has-text-align-justify\">C\u00f4t\u00e9 d\u00e9co, le vichy fait un retour en force dans nos int\u00e9rieurs. Ses motifs s\u2019invitent sur des coussins, des nappes, des rideaux et m\u00eame des objets du quotidien pour insuffler une ambiance r\u00e9confortante et vintage \u00e0 nos espaces de vie. Il s\u2019harmonise parfaitement avec des d\u00e9cors boh\u00e8mes ou scandinaves.<\/p>\n\n\n\n<div style=\"height:20px\" aria-hidden=\"true\" class=\"wp-block-spacer\"><\/div>\n\n\n\n<p class=\"has-text-align-justify\">Le vichy reste une source d\u2019inspiration in\u00e9puisable pour les cr\u00e9ateurs et les amateurs de mode. Symbole de l\u2019\u00e9l\u00e9gance simple et de la fra\u00eecheur vintage, cet imprim\u00e9 embl\u00e9matique traverse les d\u00e9cennies sans jamais perdre de sa superbe. Alors, \u00e0 vous de jouer : osez le vichy et donnez un coup de frais \u00e0 votre garde-robe ou \u00e0 votre int\u00e9rieur avec ce motif intemporel !<\/p>\n\n\n\n<div style=\"height:20px\" aria-hidden=\"true\" class=\"wp-block-spacer\"><\/div>\n<\/div>\n\n\n\n<div class=\"wp-block-column\" style=\"flex-basis:15%\"><\/div>\n<\/div>\n\n\n\n<figure class=\"wp-block-image size-large\"><img data-attachment-id=\"10009\" data-permalink=\"https:\/\/www.ungrandmarche.fr\/blog\/tendances\/decoration\/imprime-vichy\/attachment\/motif-vichy-mode-deco\/\" data-orig-file=\"https:\/\/i0.wp.com\/www.ungrandmarche.fr\/blog\/wp-content\/uploads\/2024\/12\/motif-vichy-mode-deco.jpg?fit=1024%2C410&amp;ssl=1\" data-orig-size=\"1024,410\" data-comments-opened=\"1\" data-image-meta=\"{&quot;aperture&quot;:&quot;0&quot;,&quot;credit&quot;:&quot;&quot;,&quot;camera&quot;:&quot;&quot;,&quot;caption&quot;:&quot;&quot;,&quot;created_timestamp&quot;:&quot;0&quot;,&quot;copyright&quot;:&quot;&quot;,&quot;focal_length&quot;:&quot;0&quot;,&quot;iso&quot;:&quot;0&quot;,&quot;shutter_speed&quot;:&quot;0&quot;,&quot;title&quot;:&quot;&quot;,&quot;orientation&quot;:&quot;1&quot;}\" data-image-title=\"motif-vichy-mode-deco\" data-image-description=\"\" data-medium-file=\"https:\/\/i0.wp.com\/www.ungrandmarche.fr\/blog\/wp-content\/uploads\/2024\/12\/motif-vichy-mode-deco.jpg?fit=300%2C120&amp;ssl=1\" data-large-file=\"https:\/\/i0.wp.com\/www.ungrandmarche.fr\/blog\/wp-content\/uploads\/2024\/12\/motif-vichy-mode-deco.jpg?fit=1024%2C410&amp;ssl=1\" loading=\"lazy\" width=\"1024\" height=\"410\" src=\"https:\/\/i0.wp.com\/www.ungrandmarche.fr\/blog\/wp-content\/uploads\/2024\/12\/motif-vichy-mode-deco.jpg?resize=1024%2C410&#038;ssl=1\" alt=\"\" class=\"wp-image-10009\" srcset=\"https:\/\/i0.wp.com\/www.ungrandmarche.fr\/blog\/wp-content\/uploads\/2024\/12\/motif-vichy-mode-deco.jpg?w=1024&amp;ssl=1 1024w, https:\/\/i0.wp.com\/www.ungrandmarche.fr\/blog\/wp-content\/uploads\/2024\/12\/motif-vichy-mode-deco.jpg?resize=300%2C120&amp;ssl=1 300w, https:\/\/i0.wp.com\/www.ungrandmarche.fr\/blog\/wp-content\/uploads\/2024\/12\/motif-vichy-mode-deco.jpg?resize=768%2C308&amp;ssl=1 768w\" sizes=\"(max-width: 1024px) 100vw, 1024px\" data-recalc-dims=\"1\" \/><figcaption><a href=\"https:\/\/www.ungrandmarche.fr\/boutique\/mcl-poupees\">Mcl poup\u00e9es<\/a> &#8211; <a href=\"https:\/\/www.ungrandmarche.fr\/mercerie\/l-oiseau-mercerie-et-tissus\">L&#8217;oiseau, mercerie et tissus<\/a><\/figcaption><\/figure>\n\n\n\n<div class=\"wp-block-columns\">\n<div class=\"wp-block-column\" style=\"flex-basis:20%\"><\/div>\n\n\n\n<div class=\"wp-block-column\" style=\"flex-basis:60%\">\n<h2 class=\"has-text-align-center\">Trouver des cr\u00e9ations uniques et originales en vichy<\/h2>\n\n\n\n<hr class=\"wp-block-separator is-style-wide\"\/>\n<\/div>\n\n\n\n<div class=\"wp-block-column\" style=\"flex-basis:20%\"><\/div>\n<\/div>\n\n\n\n<div class=\"wp-block-columns\">\n<div class=\"wp-block-column\" style=\"flex-basis:15%\"><\/div>\n\n\n\n<div class=\"wp-block-column\" style=\"flex-basis:70%\">\n<p class=\"has-text-align-justify\">Le c\u00e9l\u00e8bre imprim\u00e9 inspire beaucoup nos cr\u00e9ateurs fran\u00e7ais. Ils le r\u00e9inventent \u00e0 leur fa\u00e7on pour vous proposer <strong>des cr\u00e9ations empreintes de l\u00e9g\u00e8ret\u00e9, de vintage et de modernit\u00e9<\/strong>.<\/p>\n\n\n\n<div style=\"height:20px\" aria-hidden=\"true\" class=\"wp-block-spacer\"><\/div>\n<\/div>\n\n\n\n<div class=\"wp-block-column\" style=\"flex-basis:15%\"><\/div>\n<\/div>\n\n\n\n<div class=\"wp-block-columns\">\n<div class=\"wp-block-column\">\n<figure class=\"wp-block-image size-large\"><a href=\"https:\/\/www.ungrandmarche.fr\/boutiques\/p\/lecture-et-ecriture\/marque-pages-en-tissu-signet-vichy-bleu-et-blanc\/4698301\"><img data-attachment-id=\"10014\" data-permalink=\"https:\/\/www.ungrandmarche.fr\/blog\/tendances\/decoration\/imprime-vichy\/attachment\/mare-page-vichy\/\" data-orig-file=\"https:\/\/i1.wp.com\/www.ungrandmarche.fr\/blog\/wp-content\/uploads\/2024\/12\/mare-page-vichy.jpg?fit=500%2C500&amp;ssl=1\" data-orig-size=\"500,500\" data-comments-opened=\"1\" data-image-meta=\"{&quot;aperture&quot;:&quot;0&quot;,&quot;credit&quot;:&quot;&quot;,&quot;camera&quot;:&quot;&quot;,&quot;caption&quot;:&quot;&quot;,&quot;created_timestamp&quot;:&quot;0&quot;,&quot;copyright&quot;:&quot;&quot;,&quot;focal_length&quot;:&quot;0&quot;,&quot;iso&quot;:&quot;0&quot;,&quot;shutter_speed&quot;:&quot;0&quot;,&quot;title&quot;:&quot;&quot;,&quot;orientation&quot;:&quot;1&quot;}\" data-image-title=\"mare-page-vichy\" data-image-description=\"\" data-medium-file=\"https:\/\/i1.wp.com\/www.ungrandmarche.fr\/blog\/wp-content\/uploads\/2024\/12\/mare-page-vichy.jpg?fit=300%2C300&amp;ssl=1\" data-large-file=\"https:\/\/i1.wp.com\/www.ungrandmarche.fr\/blog\/wp-content\/uploads\/2024\/12\/mare-page-vichy.jpg?fit=500%2C500&amp;ssl=1\" loading=\"lazy\" width=\"500\" height=\"500\" src=\"https:\/\/i1.wp.com\/www.ungrandmarche.fr\/blog\/wp-content\/uploads\/2024\/12\/mare-page-vichy.jpg?resize=500%2C500&#038;ssl=1\" alt=\"\" class=\"wp-image-10014\" srcset=\"https:\/\/i1.wp.com\/www.ungrandmarche.fr\/blog\/wp-content\/uploads\/2024\/12\/mare-page-vichy.jpg?w=500&amp;ssl=1 500w, https:\/\/i1.wp.com\/www.ungrandmarche.fr\/blog\/wp-content\/uploads\/2024\/12\/mare-page-vichy.jpg?resize=300%2C300&amp;ssl=1 300w, https:\/\/i1.wp.com\/www.ungrandmarche.fr\/blog\/wp-content\/uploads\/2024\/12\/mare-page-vichy.jpg?resize=150%2C150&amp;ssl=1 150w, https:\/\/i1.wp.com\/www.ungrandmarche.fr\/blog\/wp-content\/uploads\/2024\/12\/mare-page-vichy.jpg?resize=263%2C263&amp;ssl=1 263w, https:\/\/i1.wp.com\/www.ungrandmarche.fr\/blog\/wp-content\/uploads\/2024\/12\/mare-page-vichy.jpg?resize=360%2C360&amp;ssl=1 360w, https:\/\/i1.wp.com\/www.ungrandmarche.fr\/blog\/wp-content\/uploads\/2024\/12\/mare-page-vichy.jpg?resize=297%2C297&amp;ssl=1 297w\" sizes=\"(max-width: 500px) 100vw, 500px\" data-recalc-dims=\"1\" \/><\/a><figcaption><a href=\"https:\/\/www.ungrandmarche.fr\/boutique\/ederton\">Ederton<\/a><\/figcaption><\/figure>\n<\/div>\n\n\n\n<div class=\"wp-block-column\">\n<figure class=\"wp-block-image size-large\"><a href=\"https:\/\/www.ungrandmarche.fr\/boutiques\/p\/vetements-filles\/gilet-berger-enfant-reversible-gilet-moumoute-et-coton-vic\/4926227\"><img data-attachment-id=\"10013\" data-permalink=\"https:\/\/www.ungrandmarche.fr\/blog\/tendances\/decoration\/imprime-vichy\/attachment\/gilet-de-berger-vichy\/\" data-orig-file=\"https:\/\/i0.wp.com\/www.ungrandmarche.fr\/blog\/wp-content\/uploads\/2024\/12\/gilet-de-berger-vichy.jpg?fit=500%2C500&amp;ssl=1\" data-orig-size=\"500,500\" data-comments-opened=\"1\" data-image-meta=\"{&quot;aperture&quot;:&quot;0&quot;,&quot;credit&quot;:&quot;&quot;,&quot;camera&quot;:&quot;&quot;,&quot;caption&quot;:&quot;&quot;,&quot;created_timestamp&quot;:&quot;0&quot;,&quot;copyright&quot;:&quot;&quot;,&quot;focal_length&quot;:&quot;0&quot;,&quot;iso&quot;:&quot;0&quot;,&quot;shutter_speed&quot;:&quot;0&quot;,&quot;title&quot;:&quot;&quot;,&quot;orientation&quot;:&quot;1&quot;}\" data-image-title=\"gilet-de-berger-vichy\" data-image-description=\"\" data-medium-file=\"https:\/\/i0.wp.com\/www.ungrandmarche.fr\/blog\/wp-content\/uploads\/2024\/12\/gilet-de-berger-vichy.jpg?fit=300%2C300&amp;ssl=1\" data-large-file=\"https:\/\/i0.wp.com\/www.ungrandmarche.fr\/blog\/wp-content\/uploads\/2024\/12\/gilet-de-berger-vichy.jpg?fit=500%2C500&amp;ssl=1\" loading=\"lazy\" width=\"500\" height=\"500\" src=\"https:\/\/i0.wp.com\/www.ungrandmarche.fr\/blog\/wp-content\/uploads\/2024\/12\/gilet-de-berger-vichy.jpg?resize=500%2C500&#038;ssl=1\" alt=\"\" class=\"wp-image-10013\" srcset=\"https:\/\/i0.wp.com\/www.ungrandmarche.fr\/blog\/wp-content\/uploads\/2024\/12\/gilet-de-berger-vichy.jpg?w=500&amp;ssl=1 500w, https:\/\/i0.wp.com\/www.ungrandmarche.fr\/blog\/wp-content\/uploads\/2024\/12\/gilet-de-berger-vichy.jpg?resize=300%2C300&amp;ssl=1 300w, https:\/\/i0.wp.com\/www.ungrandmarche.fr\/blog\/wp-content\/uploads\/2024\/12\/gilet-de-berger-vichy.jpg?resize=150%2C150&amp;ssl=1 150w, https:\/\/i0.wp.com\/www.ungrandmarche.fr\/blog\/wp-content\/uploads\/2024\/12\/gilet-de-berger-vichy.jpg?resize=263%2C263&amp;ssl=1 263w, https:\/\/i0.wp.com\/www.ungrandmarche.fr\/blog\/wp-content\/uploads\/2024\/12\/gilet-de-berger-vichy.jpg?resize=360%2C360&amp;ssl=1 360w, https:\/\/i0.wp.com\/www.ungrandmarche.fr\/blog\/wp-content\/uploads\/2024\/12\/gilet-de-berger-vichy.jpg?resize=297%2C297&amp;ssl=1 297w\" sizes=\"(max-width: 500px) 100vw, 500px\" data-recalc-dims=\"1\" \/><\/a><figcaption><a href=\"https:\/\/www.ungrandmarche.fr\/boutique\/sarenka\">Sarenka<\/a><\/figcaption><\/figure>\n<\/div>\n\n\n\n<div class=\"wp-block-column\">\n<figure class=\"wp-block-image size-large\"><a href=\"https:\/\/www.ungrandmarche.fr\/boutiques\/p\/echarpes-et-foulards\/echarpe-chaude-femme-vichy-et-coeurs\/4041922\"><img data-attachment-id=\"10018\" data-permalink=\"https:\/\/www.ungrandmarche.fr\/blog\/tendances\/decoration\/imprime-vichy\/attachment\/echarpe-vichy\/\" data-orig-file=\"https:\/\/i2.wp.com\/www.ungrandmarche.fr\/blog\/wp-content\/uploads\/2024\/12\/e\u0301charpe-vichy.jpg?fit=500%2C500&amp;ssl=1\" data-orig-size=\"500,500\" data-comments-opened=\"1\" data-image-meta=\"{&quot;aperture&quot;:&quot;0&quot;,&quot;credit&quot;:&quot;&quot;,&quot;camera&quot;:&quot;&quot;,&quot;caption&quot;:&quot;&quot;,&quot;created_timestamp&quot;:&quot;0&quot;,&quot;copyright&quot;:&quot;&quot;,&quot;focal_length&quot;:&quot;0&quot;,&quot;iso&quot;:&quot;0&quot;,&quot;shutter_speed&quot;:&quot;0&quot;,&quot;title&quot;:&quot;&quot;,&quot;orientation&quot;:&quot;1&quot;}\" data-image-title=\"e\u0301charpe-vichy\" data-image-description=\"\" data-medium-file=\"https:\/\/i2.wp.com\/www.ungrandmarche.fr\/blog\/wp-content\/uploads\/2024\/12\/e\u0301charpe-vichy.jpg?fit=300%2C300&amp;ssl=1\" data-large-file=\"https:\/\/i2.wp.com\/www.ungrandmarche.fr\/blog\/wp-content\/uploads\/2024\/12\/e\u0301charpe-vichy.jpg?fit=500%2C500&amp;ssl=1\" loading=\"lazy\" width=\"500\" height=\"500\" src=\"https:\/\/i2.wp.com\/www.ungrandmarche.fr\/blog\/wp-content\/uploads\/2024\/12\/e\u0301charpe-vichy.jpg?resize=500%2C500&#038;ssl=1\" alt=\"\" class=\"wp-image-10018\" srcset=\"https:\/\/i2.wp.com\/www.ungrandmarche.fr\/blog\/wp-content\/uploads\/2024\/12\/e\u0301charpe-vichy.jpg?w=500&amp;ssl=1 500w, https:\/\/i2.wp.com\/www.ungrandmarche.fr\/blog\/wp-content\/uploads\/2024\/12\/e\u0301charpe-vichy.jpg?resize=300%2C300&amp;ssl=1 300w, https:\/\/i2.wp.com\/www.ungrandmarche.fr\/blog\/wp-content\/uploads\/2024\/12\/e\u0301charpe-vichy.jpg?resize=150%2C150&amp;ssl=1 150w, https:\/\/i2.wp.com\/www.ungrandmarche.fr\/blog\/wp-content\/uploads\/2024\/12\/e\u0301charpe-vichy.jpg?resize=263%2C263&amp;ssl=1 263w, https:\/\/i2.wp.com\/www.ungrandmarche.fr\/blog\/wp-content\/uploads\/2024\/12\/e\u0301charpe-vichy.jpg?resize=360%2C360&amp;ssl=1 360w, https:\/\/i2.wp.com\/www.ungrandmarche.fr\/blog\/wp-content\/uploads\/2024\/12\/e\u0301charpe-vichy.jpg?resize=297%2C297&amp;ssl=1 297w\" sizes=\"(max-width: 500px) 100vw, 500px\" data-recalc-dims=\"1\" \/><\/a><figcaption><a href=\"https:\/\/www.ungrandmarche.fr\/boutique\/pin-up-and-creepers\">Pin up and creepers<\/a><\/figcaption><\/figure>\n<\/div>\n<\/div>\n\n\n\n<div class=\"wp-block-columns\">\n<div class=\"wp-block-column\">\n<figure class=\"wp-block-image size-large\"><a href=\"https:\/\/www.ungrandmarche.fr\/boutiques\/p\/accessoire-de-ceremonies\/noeud-papillon-slim-bois-clair-et-tissu-vichy-carreaux-rouge\/3051532\"><img data-attachment-id=\"10016\" data-permalink=\"https:\/\/www.ungrandmarche.fr\/blog\/tendances\/decoration\/imprime-vichy\/attachment\/noeud-papillon-vichy\/\" data-orig-file=\"https:\/\/i1.wp.com\/www.ungrandmarche.fr\/blog\/wp-content\/uploads\/2024\/12\/noeud-papillon-vichy.jpg?fit=500%2C500&amp;ssl=1\" data-orig-size=\"500,500\" data-comments-opened=\"1\" data-image-meta=\"{&quot;aperture&quot;:&quot;0&quot;,&quot;credit&quot;:&quot;&quot;,&quot;camera&quot;:&quot;&quot;,&quot;caption&quot;:&quot;&quot;,&quot;created_timestamp&quot;:&quot;0&quot;,&quot;copyright&quot;:&quot;&quot;,&quot;focal_length&quot;:&quot;0&quot;,&quot;iso&quot;:&quot;0&quot;,&quot;shutter_speed&quot;:&quot;0&quot;,&quot;title&quot;:&quot;&quot;,&quot;orientation&quot;:&quot;1&quot;}\" data-image-title=\"noeud-papillon-vichy\" data-image-description=\"\" data-medium-file=\"https:\/\/i1.wp.com\/www.ungrandmarche.fr\/blog\/wp-content\/uploads\/2024\/12\/noeud-papillon-vichy.jpg?fit=300%2C300&amp;ssl=1\" data-large-file=\"https:\/\/i1.wp.com\/www.ungrandmarche.fr\/blog\/wp-content\/uploads\/2024\/12\/noeud-papillon-vichy.jpg?fit=500%2C500&amp;ssl=1\" loading=\"lazy\" width=\"500\" height=\"500\" src=\"https:\/\/i1.wp.com\/www.ungrandmarche.fr\/blog\/wp-content\/uploads\/2024\/12\/noeud-papillon-vichy.jpg?resize=500%2C500&#038;ssl=1\" alt=\"\" class=\"wp-image-10016\" srcset=\"https:\/\/i1.wp.com\/www.ungrandmarche.fr\/blog\/wp-content\/uploads\/2024\/12\/noeud-papillon-vichy.jpg?w=500&amp;ssl=1 500w, https:\/\/i1.wp.com\/www.ungrandmarche.fr\/blog\/wp-content\/uploads\/2024\/12\/noeud-papillon-vichy.jpg?resize=300%2C300&amp;ssl=1 300w, https:\/\/i1.wp.com\/www.ungrandmarche.fr\/blog\/wp-content\/uploads\/2024\/12\/noeud-papillon-vichy.jpg?resize=150%2C150&amp;ssl=1 150w, https:\/\/i1.wp.com\/www.ungrandmarche.fr\/blog\/wp-content\/uploads\/2024\/12\/noeud-papillon-vichy.jpg?resize=263%2C263&amp;ssl=1 263w, https:\/\/i1.wp.com\/www.ungrandmarche.fr\/blog\/wp-content\/uploads\/2024\/12\/noeud-papillon-vichy.jpg?resize=360%2C360&amp;ssl=1 360w, https:\/\/i1.wp.com\/www.ungrandmarche.fr\/blog\/wp-content\/uploads\/2024\/12\/noeud-papillon-vichy.jpg?resize=297%2C297&amp;ssl=1 297w\" sizes=\"(max-width: 500px) 100vw, 500px\" data-recalc-dims=\"1\" \/><\/a><figcaption><a href=\"https:\/\/www.ungrandmarche.fr\/boutique\/marqueterie-49\">Marqueterie-49<\/a><\/figcaption><\/figure>\n<\/div>\n\n\n\n<div class=\"wp-block-column\">\n<figure class=\"wp-block-image size-large\"><a href=\"https:\/\/www.ungrandmarche.fr\/boutiques\/p\/textiles-et-tapis\/housse-de-coussin-decoration-interieure-vichy-noir-et\/4779977\"><img data-attachment-id=\"10017\" data-permalink=\"https:\/\/www.ungrandmarche.fr\/blog\/tendances\/decoration\/imprime-vichy\/attachment\/coussin-vichy\/\" data-orig-file=\"https:\/\/i1.wp.com\/www.ungrandmarche.fr\/blog\/wp-content\/uploads\/2024\/12\/coussin-vichy.jpg?fit=500%2C500&amp;ssl=1\" data-orig-size=\"500,500\" data-comments-opened=\"1\" data-image-meta=\"{&quot;aperture&quot;:&quot;0&quot;,&quot;credit&quot;:&quot;&quot;,&quot;camera&quot;:&quot;&quot;,&quot;caption&quot;:&quot;&quot;,&quot;created_timestamp&quot;:&quot;0&quot;,&quot;copyright&quot;:&quot;&quot;,&quot;focal_length&quot;:&quot;0&quot;,&quot;iso&quot;:&quot;0&quot;,&quot;shutter_speed&quot;:&quot;0&quot;,&quot;title&quot;:&quot;&quot;,&quot;orientation&quot;:&quot;1&quot;}\" data-image-title=\"coussin-vichy\" data-image-description=\"\" data-medium-file=\"https:\/\/i1.wp.com\/www.ungrandmarche.fr\/blog\/wp-content\/uploads\/2024\/12\/coussin-vichy.jpg?fit=300%2C300&amp;ssl=1\" data-large-file=\"https:\/\/i1.wp.com\/www.ungrandmarche.fr\/blog\/wp-content\/uploads\/2024\/12\/coussin-vichy.jpg?fit=500%2C500&amp;ssl=1\" loading=\"lazy\" width=\"500\" height=\"500\" src=\"https:\/\/i1.wp.com\/www.ungrandmarche.fr\/blog\/wp-content\/uploads\/2024\/12\/coussin-vichy.jpg?resize=500%2C500&#038;ssl=1\" alt=\"\" class=\"wp-image-10017\" srcset=\"https:\/\/i1.wp.com\/www.ungrandmarche.fr\/blog\/wp-content\/uploads\/2024\/12\/coussin-vichy.jpg?w=500&amp;ssl=1 500w, https:\/\/i1.wp.com\/www.ungrandmarche.fr\/blog\/wp-content\/uploads\/2024\/12\/coussin-vichy.jpg?resize=300%2C300&amp;ssl=1 300w, https:\/\/i1.wp.com\/www.ungrandmarche.fr\/blog\/wp-content\/uploads\/2024\/12\/coussin-vichy.jpg?resize=150%2C150&amp;ssl=1 150w, https:\/\/i1.wp.com\/www.ungrandmarche.fr\/blog\/wp-content\/uploads\/2024\/12\/coussin-vichy.jpg?resize=263%2C263&amp;ssl=1 263w, https:\/\/i1.wp.com\/www.ungrandmarche.fr\/blog\/wp-content\/uploads\/2024\/12\/coussin-vichy.jpg?resize=360%2C360&amp;ssl=1 360w, https:\/\/i1.wp.com\/www.ungrandmarche.fr\/blog\/wp-content\/uploads\/2024\/12\/coussin-vichy.jpg?resize=297%2C297&amp;ssl=1 297w\" sizes=\"(max-width: 500px) 100vw, 500px\" data-recalc-dims=\"1\" \/><\/a><figcaption><a href=\"https:\/\/www.ungrandmarche.fr\/boutique\/la-malle-du-chat\">La malle du chat<\/a><\/figcaption><\/figure>\n<\/div>\n\n\n\n<div class=\"wp-block-column\">\n<figure class=\"wp-block-image size-large\"><a href=\"https:\/\/www.ungrandmarche.fr\/boutiques\/p\/accessoires-cuisine-responsables\/charlotte-alimentaire-modele-vichy\/4123285\"><img data-attachment-id=\"10015\" data-permalink=\"https:\/\/www.ungrandmarche.fr\/blog\/tendances\/decoration\/imprime-vichy\/attachment\/charlotte-vichy\/\" data-orig-file=\"https:\/\/i0.wp.com\/www.ungrandmarche.fr\/blog\/wp-content\/uploads\/2024\/12\/charlotte-vichy.jpg?fit=500%2C500&amp;ssl=1\" data-orig-size=\"500,500\" data-comments-opened=\"1\" data-image-meta=\"{&quot;aperture&quot;:&quot;0&quot;,&quot;credit&quot;:&quot;&quot;,&quot;camera&quot;:&quot;&quot;,&quot;caption&quot;:&quot;&quot;,&quot;created_timestamp&quot;:&quot;0&quot;,&quot;copyright&quot;:&quot;&quot;,&quot;focal_length&quot;:&quot;0&quot;,&quot;iso&quot;:&quot;0&quot;,&quot;shutter_speed&quot;:&quot;0&quot;,&quot;title&quot;:&quot;&quot;,&quot;orientation&quot;:&quot;1&quot;}\" data-image-title=\"charlotte-vichy\" data-image-description=\"\" data-medium-file=\"https:\/\/i0.wp.com\/www.ungrandmarche.fr\/blog\/wp-content\/uploads\/2024\/12\/charlotte-vichy.jpg?fit=300%2C300&amp;ssl=1\" data-large-file=\"https:\/\/i0.wp.com\/www.ungrandmarche.fr\/blog\/wp-content\/uploads\/2024\/12\/charlotte-vichy.jpg?fit=500%2C500&amp;ssl=1\" loading=\"lazy\" width=\"500\" height=\"500\" src=\"https:\/\/i0.wp.com\/www.ungrandmarche.fr\/blog\/wp-content\/uploads\/2024\/12\/charlotte-vichy.jpg?resize=500%2C500&#038;ssl=1\" alt=\"\" class=\"wp-image-10015\" srcset=\"https:\/\/i0.wp.com\/www.ungrandmarche.fr\/blog\/wp-content\/uploads\/2024\/12\/charlotte-vichy.jpg?w=500&amp;ssl=1 500w, https:\/\/i0.wp.com\/www.ungrandmarche.fr\/blog\/wp-content\/uploads\/2024\/12\/charlotte-vichy.jpg?resize=300%2C300&amp;ssl=1 300w, https:\/\/i0.wp.com\/www.ungrandmarche.fr\/blog\/wp-content\/uploads\/2024\/12\/charlotte-vichy.jpg?resize=150%2C150&amp;ssl=1 150w, https:\/\/i0.wp.com\/www.ungrandmarche.fr\/blog\/wp-content\/uploads\/2024\/12\/charlotte-vichy.jpg?resize=263%2C263&amp;ssl=1 263w, https:\/\/i0.wp.com\/www.ungrandmarche.fr\/blog\/wp-content\/uploads\/2024\/12\/charlotte-vichy.jpg?resize=360%2C360&amp;ssl=1 360w, https:\/\/i0.wp.com\/www.ungrandmarche.fr\/blog\/wp-content\/uploads\/2024\/12\/charlotte-vichy.jpg?resize=297%2C297&amp;ssl=1 297w\" sizes=\"(max-width: 500px) 100vw, 500px\" data-recalc-dims=\"1\" \/><\/a><figcaption><a href=\"https:\/\/www.ungrandmarche.fr\/boutique\/ammikado\">Ammikado<\/a><\/figcaption><\/figure>\n<\/div>\n<\/div>\n\n\n\n<div class=\"wp-block-columns\">\n<div class=\"wp-block-column\">\n<figure class=\"wp-block-image size-large\"><a href=\"https:\/\/www.ungrandmarche.fr\/boutiques\/p\/soin-et-bien-etre\/protege-slip-lavable-et-reutilisable-vichy-16-cm-hygi\/3990284\"><img data-attachment-id=\"10012\" data-permalink=\"https:\/\/www.ungrandmarche.fr\/blog\/tendances\/decoration\/imprime-vichy\/attachment\/serviette-hygienique-vichy\/\" data-orig-file=\"https:\/\/i1.wp.com\/www.ungrandmarche.fr\/blog\/wp-content\/uploads\/2024\/12\/serviette-hygienique-vichy.jpg?fit=500%2C500&amp;ssl=1\" data-orig-size=\"500,500\" data-comments-opened=\"1\" data-image-meta=\"{&quot;aperture&quot;:&quot;0&quot;,&quot;credit&quot;:&quot;&quot;,&quot;camera&quot;:&quot;&quot;,&quot;caption&quot;:&quot;&quot;,&quot;created_timestamp&quot;:&quot;0&quot;,&quot;copyright&quot;:&quot;&quot;,&quot;focal_length&quot;:&quot;0&quot;,&quot;iso&quot;:&quot;0&quot;,&quot;shutter_speed&quot;:&quot;0&quot;,&quot;title&quot;:&quot;&quot;,&quot;orientation&quot;:&quot;1&quot;}\" data-image-title=\"serviette-hygienique-vichy\" data-image-description=\"\" data-medium-file=\"https:\/\/i1.wp.com\/www.ungrandmarche.fr\/blog\/wp-content\/uploads\/2024\/12\/serviette-hygienique-vichy.jpg?fit=300%2C300&amp;ssl=1\" data-large-file=\"https:\/\/i1.wp.com\/www.ungrandmarche.fr\/blog\/wp-content\/uploads\/2024\/12\/serviette-hygienique-vichy.jpg?fit=500%2C500&amp;ssl=1\" loading=\"lazy\" width=\"500\" height=\"500\" src=\"https:\/\/i1.wp.com\/www.ungrandmarche.fr\/blog\/wp-content\/uploads\/2024\/12\/serviette-hygienique-vichy.jpg?resize=500%2C500&#038;ssl=1\" alt=\"\" class=\"wp-image-10012\" srcset=\"https:\/\/i1.wp.com\/www.ungrandmarche.fr\/blog\/wp-content\/uploads\/2024\/12\/serviette-hygienique-vichy.jpg?w=500&amp;ssl=1 500w, https:\/\/i1.wp.com\/www.ungrandmarche.fr\/blog\/wp-content\/uploads\/2024\/12\/serviette-hygienique-vichy.jpg?resize=300%2C300&amp;ssl=1 300w, https:\/\/i1.wp.com\/www.ungrandmarche.fr\/blog\/wp-content\/uploads\/2024\/12\/serviette-hygienique-vichy.jpg?resize=150%2C150&amp;ssl=1 150w, https:\/\/i1.wp.com\/www.ungrandmarche.fr\/blog\/wp-content\/uploads\/2024\/12\/serviette-hygienique-vichy.jpg?resize=263%2C263&amp;ssl=1 263w, https:\/\/i1.wp.com\/www.ungrandmarche.fr\/blog\/wp-content\/uploads\/2024\/12\/serviette-hygienique-vichy.jpg?resize=360%2C360&amp;ssl=1 360w, https:\/\/i1.wp.com\/www.ungrandmarche.fr\/blog\/wp-content\/uploads\/2024\/12\/serviette-hygienique-vichy.jpg?resize=297%2C297&amp;ssl=1 297w\" sizes=\"(max-width: 500px) 100vw, 500px\" data-recalc-dims=\"1\" \/><\/a><figcaption><a href=\"https:\/\/www.ungrandmarche.fr\/boutique\/mome-sweet-mome\">M\u00f4me sweet m\u00f4me<\/a><\/figcaption><\/figure>\n<\/div>\n\n\n\n<div class=\"wp-block-column\">\n<figure class=\"wp-block-image size-large\"><a href=\"https:\/\/www.ungrandmarche.fr\/boutiques\/p\/chapeaux-et-bonnets\/bob-vichy-bleu-au-parfum-des-annees-soixante\/4881426\"><img data-attachment-id=\"10019\" data-permalink=\"https:\/\/www.ungrandmarche.fr\/blog\/tendances\/decoration\/imprime-vichy\/attachment\/bob-vichy\/\" data-orig-file=\"https:\/\/i0.wp.com\/www.ungrandmarche.fr\/blog\/wp-content\/uploads\/2024\/12\/bob-vichy.jpg?fit=500%2C500&amp;ssl=1\" data-orig-size=\"500,500\" data-comments-opened=\"1\" data-image-meta=\"{&quot;aperture&quot;:&quot;0&quot;,&quot;credit&quot;:&quot;&quot;,&quot;camera&quot;:&quot;&quot;,&quot;caption&quot;:&quot;&quot;,&quot;created_timestamp&quot;:&quot;0&quot;,&quot;copyright&quot;:&quot;&quot;,&quot;focal_length&quot;:&quot;0&quot;,&quot;iso&quot;:&quot;0&quot;,&quot;shutter_speed&quot;:&quot;0&quot;,&quot;title&quot;:&quot;&quot;,&quot;orientation&quot;:&quot;1&quot;}\" data-image-title=\"bob-vichy\" data-image-description=\"\" data-medium-file=\"https:\/\/i0.wp.com\/www.ungrandmarche.fr\/blog\/wp-content\/uploads\/2024\/12\/bob-vichy.jpg?fit=300%2C300&amp;ssl=1\" data-large-file=\"https:\/\/i0.wp.com\/www.ungrandmarche.fr\/blog\/wp-content\/uploads\/2024\/12\/bob-vichy.jpg?fit=500%2C500&amp;ssl=1\" loading=\"lazy\" width=\"500\" height=\"500\" src=\"https:\/\/i0.wp.com\/www.ungrandmarche.fr\/blog\/wp-content\/uploads\/2024\/12\/bob-vichy.jpg?resize=500%2C500&#038;ssl=1\" alt=\"\" class=\"wp-image-10019\" srcset=\"https:\/\/i0.wp.com\/www.ungrandmarche.fr\/blog\/wp-content\/uploads\/2024\/12\/bob-vichy.jpg?w=500&amp;ssl=1 500w, https:\/\/i0.wp.com\/www.ungrandmarche.fr\/blog\/wp-content\/uploads\/2024\/12\/bob-vichy.jpg?resize=300%2C300&amp;ssl=1 300w, https:\/\/i0.wp.com\/www.ungrandmarche.fr\/blog\/wp-content\/uploads\/2024\/12\/bob-vichy.jpg?resize=150%2C150&amp;ssl=1 150w, https:\/\/i0.wp.com\/www.ungrandmarche.fr\/blog\/wp-content\/uploads\/2024\/12\/bob-vichy.jpg?resize=263%2C263&amp;ssl=1 263w, https:\/\/i0.wp.com\/www.ungrandmarche.fr\/blog\/wp-content\/uploads\/2024\/12\/bob-vichy.jpg?resize=360%2C360&amp;ssl=1 360w, https:\/\/i0.wp.com\/www.ungrandmarche.fr\/blog\/wp-content\/uploads\/2024\/12\/bob-vichy.jpg?resize=297%2C297&amp;ssl=1 297w\" sizes=\"(max-width: 500px) 100vw, 500px\" data-recalc-dims=\"1\" \/><\/a><figcaption><a href=\"https:\/\/www.ungrandmarche.fr\/boutique\/l-atelier-de-l-ecureuil\">L&#8217;atelier de l&#8217;\u00e9cureuil<\/a><\/figcaption><\/figure>\n<\/div>\n\n\n\n<div class=\"wp-block-column\">\n<figure class=\"wp-block-image size-large\"><a href=\"https:\/\/www.ungrandmarche.fr\/boutiques\/p\/colliers\/collier-perles-en-carton-vichy-vert-clair\/2547430\"><img data-attachment-id=\"5383\" data-permalink=\"https:\/\/www.ungrandmarche.fr\/blog\/tendances\/decoration\/imprime-vichy\/attachment\/vichy-f\/\" data-orig-file=\"https:\/\/i0.wp.com\/www.ungrandmarche.fr\/blog\/wp-content\/uploads\/2021\/07\/vichy-F.jpg?fit=500%2C500&amp;ssl=1\" data-orig-size=\"500,500\" data-comments-opened=\"1\" data-image-meta=\"{&quot;aperture&quot;:&quot;0&quot;,&quot;credit&quot;:&quot;&quot;,&quot;camera&quot;:&quot;&quot;,&quot;caption&quot;:&quot;&quot;,&quot;created_timestamp&quot;:&quot;0&quot;,&quot;copyright&quot;:&quot;&quot;,&quot;focal_length&quot;:&quot;0&quot;,&quot;iso&quot;:&quot;0&quot;,&quot;shutter_speed&quot;:&quot;0&quot;,&quot;title&quot;:&quot;&quot;,&quot;orientation&quot;:&quot;1&quot;}\" data-image-title=\"vichy-F\" data-image-description=\"\" data-medium-file=\"https:\/\/i0.wp.com\/www.ungrandmarche.fr\/blog\/wp-content\/uploads\/2021\/07\/vichy-F.jpg?fit=300%2C300&amp;ssl=1\" data-large-file=\"https:\/\/i0.wp.com\/www.ungrandmarche.fr\/blog\/wp-content\/uploads\/2021\/07\/vichy-F.jpg?fit=500%2C500&amp;ssl=1\" loading=\"lazy\" width=\"500\" height=\"500\" src=\"https:\/\/i0.wp.com\/www.ungrandmarche.fr\/blog\/wp-content\/uploads\/2021\/07\/vichy-F.jpg?resize=500%2C500&#038;ssl=1\" alt=\"\" class=\"wp-image-5383\" srcset=\"https:\/\/i0.wp.com\/www.ungrandmarche.fr\/blog\/wp-content\/uploads\/2021\/07\/vichy-F.jpg?w=500&amp;ssl=1 500w, https:\/\/i0.wp.com\/www.ungrandmarche.fr\/blog\/wp-content\/uploads\/2021\/07\/vichy-F.jpg?resize=300%2C300&amp;ssl=1 300w, https:\/\/i0.wp.com\/www.ungrandmarche.fr\/blog\/wp-content\/uploads\/2021\/07\/vichy-F.jpg?resize=150%2C150&amp;ssl=1 150w, https:\/\/i0.wp.com\/www.ungrandmarche.fr\/blog\/wp-content\/uploads\/2021\/07\/vichy-F.jpg?resize=263%2C263&amp;ssl=1 263w, https:\/\/i0.wp.com\/www.ungrandmarche.fr\/blog\/wp-content\/uploads\/2021\/07\/vichy-F.jpg?resize=360%2C360&amp;ssl=1 360w, https:\/\/i0.wp.com\/www.ungrandmarche.fr\/blog\/wp-content\/uploads\/2021\/07\/vichy-F.jpg?resize=297%2C297&amp;ssl=1 297w\" sizes=\"(max-width: 500px) 100vw, 500px\" data-recalc-dims=\"1\" \/><\/a><figcaption><a href=\"https:\/\/www.ungrandmarche.fr\/boutique\/la-fabrique-a-roulettes\">La fabrique \u00e0 roulettes<\/a><\/figcaption><\/figure>\n<\/div>\n<\/div>\n\n\n\n<div style=\"height:30px\" aria-hidden=\"true\" class=\"wp-block-spacer\"><\/div>\n\n\n\n<div class=\"wp-block-columns has-background\" style=\"background-color:#f8ede2\">\n<div class=\"wp-block-column\" style=\"flex-basis:20%\"><\/div>\n\n\n\n<div class=\"wp-block-column\" style=\"flex-basis:60%\">\n<p class=\"has-text-align-center\"><strong><a href=\"https:\/\/www.ungrandmarche.fr\/s\/imprime-vichy\/371\" target=\"_blank\" rel=\"noreferrer noopener\">D\u00c9COUVRIR PLUS DE CR\u00c9ATIONS EN VICHY<\/a><\/strong><\/p>\n<\/div>\n\n\n\n<div class=\"wp-block-column\" style=\"flex-basis:20%\"><\/div>\n<\/div>\n","protected":false},"excerpt":{"rendered":"<p>Le grand\u00a0 retour du Vichy dans nos penderies est la preuve, une fois de plus, que \u201cLa mode est un \u00e9ternel recommencement\u201d ! Longtemps associ\u00e9 aux nappes de pique-nique, aux produits agro-alimentaires ou encore aux [&hellip;]<\/p>\n","protected":false},"author":3,"featured_media":5372,"comment_status":"open","ping_status":"open","sticky":false,"template":"","format":"standard","meta":{"spay_email":"","jetpack_publicize_message":"","jetpack_is_tweetstorm":false},"categories":[142,144,72],"tags":[],"jetpack_featured_media_url":"https:\/\/i2.wp.com\/www.ungrandmarche.fr\/blog\/wp-content\/uploads\/2021\/07\/vichy.jpg?fit=1024%2C410&ssl=1","jetpack_publicize_connections":[],"jetpack_sharing_enabled":true,"jetpack_shortlink":"https:\/\/wp.me\/pfn3aZ-1oz","jetpack-related-posts":[],"jetpack_likes_enabled":true,"_links":{"self":[{"href":"https:\/\/www.ungrandmarche.fr\/blog\/wp-json\/wp\/v2\/posts\/5367"}],"collection":[{"href":"https:\/\/www.ungrandmarche.fr\/blog\/wp-json\/wp\/v2\/posts"}],"about":[{"href":"https:\/\/www.ungrandmarche.fr\/blog\/wp-json\/wp\/v2\/types\/post"}],"author":[{"embeddable":true,"href":"https:\/\/www.ungrandmarche.fr\/blog\/wp-json\/wp\/v2\/users\/3"}],"replies":[{"embeddable":true,"href":"https:\/\/www.ungrandmarche.fr\/blog\/wp-json\/wp\/v2\/comments?post=5367"}],"version-history":[{"count":25,"href":"https:\/\/www.ungrandmarche.fr\/blog\/wp-json\/wp\/v2\/posts\/5367\/revisions"}],"predecessor-version":[{"id":10024,"href":"https:\/\/www.ungrandmarche.fr\/blog\/wp-json\/wp\/v2\/posts\/5367\/revisions\/10024"}],"wp:featuredmedia":[{"embeddable":true,"href":"https:\/\/www.ungrandmarche.fr\/blog\/wp-json\/wp\/v2\/media\/5372"}],"wp:attachment":[{"href":"https:\/\/www.ungrandmarche.fr\/blog\/wp-json\/wp\/v2\/media?parent=5367"}],"wp:term":[{"taxonomy":"category","embeddable":true,"href":"https:\/\/www.ungrandmarche.fr\/blog\/wp-json\/wp\/v2\/categories?post=5367"},{"taxonomy":"post_tag","embeddable":true,"href":"https:\/\/www.ungrandmarche.fr\/blog\/wp-json\/wp\/v2\/tags?post=5367"}],"curies":[{"name":"wp","href":"https:\/\/api.w.org\/{rel}","templated":true}]}}