{"id":6220,"date":"2022-02-17T17:12:40","date_gmt":"2022-02-17T16:12:40","guid":{"rendered":"https:\/\/www.ungrandmarche.fr\/blog\/?p=6220"},"modified":"2022-06-15T10:34:09","modified_gmt":"2022-06-15T08:34:09","slug":"decorer-chambre-bebe","status":"publish","type":"post","link":"https:\/\/www.ungrandmarche.fr\/blog\/tendances\/decorer-chambre-bebe\/","title":{"rendered":"20 id\u00e9es pour meubler et d\u00e9corer la chambre d\u2019un b\u00e9b\u00e9"},"content":{"rendered":"\n<div class=\"wp-block-columns\">\n<div class=\"wp-block-column\" style=\"flex-basis:20%\"><\/div>\n\n\n\n<div class=\"wp-block-column\" style=\"flex-basis:60%\">\n<p class=\"has-text-align-justify\">Dans l\u2019\u00e9quipe Un Grand March\u00e9, nous sommes passionn\u00e9s de d\u00e9coration et quand il s\u2019agit de d\u00e9nicher pour vous des objets d\u00e9co pour la chambre d\u2019un futur b\u00e9b\u00e9, nous sommes carr\u00e9ment gagas ! Que vous cherchiez des id\u00e9es pour une chambre b\u00e9b\u00e9 d\u00e9di\u00e9e \u00e0 une petite fille, \u00e0 un petit gar\u00e7on ou bien que vous choisissiez de partir sur une d\u00e9co mixte et neutre, nous avons trouv\u00e9 pour vous 20 id\u00e9es pour meubler et d\u00e9corer la chambre de votre futur petit bout de chou !<\/p>\n<\/div>\n\n\n\n<div class=\"wp-block-column\" style=\"flex-basis:20%\"><\/div>\n<\/div>\n\n\n\n<div style=\"height:20px\" aria-hidden=\"true\" class=\"wp-block-spacer\"><\/div>\n\n\n\n<p>Couverture : <a href=\"https:\/\/www.ungrandmarche.fr\/boutique\/bib-et-bob\">Bib et bob<\/a><\/p>\n\n\n\n<div style=\"height:20px\" aria-hidden=\"true\" class=\"wp-block-spacer\"><\/div>\n\n\n\n<div class=\"wp-block-columns\">\n<div class=\"wp-block-column\" style=\"flex-basis:20%\"><\/div>\n\n\n\n<div class=\"wp-block-column\" style=\"flex-basis:60%\">\n<h2 class=\"has-text-align-center\"><strong><strong>Comment d\u00e9corer la chambre de mon b\u00e9b\u00e9 ?<\/strong><\/strong><\/h2>\n\n\n\n<hr class=\"wp-block-separator\"\/>\n<\/div>\n\n\n\n<div class=\"wp-block-column\" style=\"flex-basis:20%\"><\/div>\n<\/div>\n\n\n\n<div class=\"wp-block-columns\">\n<div class=\"wp-block-column\" style=\"flex-basis:20%\"><\/div>\n\n\n\n<div class=\"wp-block-column\" style=\"flex-basis:60%\">\n<p class=\"has-text-align-justify\">Dans quelques mois, vous aller ouvrir les portes de votre cocon \u00e0 un nouveau-n\u00e9, quelle merveilleuse nouvelle ! Pour l\u2019accueillir dans les meilleures conditions, vous \u00eates s\u00fbrement en train de chercher de l\u2019inspiration pour lui cr\u00e9er une chambre d\u2019enfant pleine de douceur. En termes d\u2019id\u00e9es d\u00e9corations pour chambre de b\u00e9b\u00e9, on trouve de tout mais quoi de mieux que des objets 100% Made in France cr\u00e9\u00e9s avec amour par des cr\u00e9ateurs passionn\u00e9s ?\u00a0On vous le donne en mille&#8230;<\/p>\n<\/div>\n\n\n\n<div class=\"wp-block-column\" style=\"flex-basis:20%\"><\/div>\n<\/div>\n\n\n\n<div class=\"wp-block-columns\">\n<div class=\"wp-block-column\" style=\"flex-basis:20%\"><\/div>\n\n\n\n<div class=\"wp-block-column\" style=\"flex-basis:60%\">\n<h2 class=\"has-text-align-center\"><strong><strong><strong>Les meubles chaleureux et \u00e9ducatifs pour la chambre de b\u00e9b\u00e9<\/strong><\/strong><\/strong><\/h2>\n\n\n\n<hr class=\"wp-block-separator\"\/>\n<\/div>\n\n\n\n<div class=\"wp-block-column\" style=\"flex-basis:20%\"><\/div>\n<\/div>\n\n\n\n<div class=\"wp-block-columns\">\n<div class=\"wp-block-column\">\n<figure class=\"wp-block-image size-large\"><a href=\"https:\/\/www.ungrandmarche.fr\/boutiques\/p\/meubles\/coffre-en-bois-relooke-coffre-a-jouets-rangement\/4055668\"><img data-attachment-id=\"6226\" data-permalink=\"https:\/\/www.ungrandmarche.fr\/blog\/tendances\/decorer-chambre-bebe\/attachment\/meuble-chambre-bebe-1\/\" data-orig-file=\"https:\/\/i1.wp.com\/www.ungrandmarche.fr\/blog\/wp-content\/uploads\/2022\/02\/meuble-chambre-bebe-1.jpg?fit=500%2C500&amp;ssl=1\" data-orig-size=\"500,500\" data-comments-opened=\"1\" data-image-meta=\"{&quot;aperture&quot;:&quot;0&quot;,&quot;credit&quot;:&quot;&quot;,&quot;camera&quot;:&quot;&quot;,&quot;caption&quot;:&quot;&quot;,&quot;created_timestamp&quot;:&quot;0&quot;,&quot;copyright&quot;:&quot;&quot;,&quot;focal_length&quot;:&quot;0&quot;,&quot;iso&quot;:&quot;0&quot;,&quot;shutter_speed&quot;:&quot;0&quot;,&quot;title&quot;:&quot;&quot;,&quot;orientation&quot;:&quot;1&quot;}\" data-image-title=\"meuble-chambre-bebe-1\" data-image-description=\"\" data-medium-file=\"https:\/\/i1.wp.com\/www.ungrandmarche.fr\/blog\/wp-content\/uploads\/2022\/02\/meuble-chambre-bebe-1.jpg?fit=300%2C300&amp;ssl=1\" data-large-file=\"https:\/\/i1.wp.com\/www.ungrandmarche.fr\/blog\/wp-content\/uploads\/2022\/02\/meuble-chambre-bebe-1.jpg?fit=500%2C500&amp;ssl=1\" loading=\"lazy\" width=\"500\" height=\"500\" src=\"https:\/\/i1.wp.com\/www.ungrandmarche.fr\/blog\/wp-content\/uploads\/2022\/02\/meuble-chambre-bebe-1.jpg?resize=500%2C500&#038;ssl=1\" alt=\"\" class=\"wp-image-6226\" srcset=\"https:\/\/i1.wp.com\/www.ungrandmarche.fr\/blog\/wp-content\/uploads\/2022\/02\/meuble-chambre-bebe-1.jpg?w=500&amp;ssl=1 500w, https:\/\/i1.wp.com\/www.ungrandmarche.fr\/blog\/wp-content\/uploads\/2022\/02\/meuble-chambre-bebe-1.jpg?resize=300%2C300&amp;ssl=1 300w, https:\/\/i1.wp.com\/www.ungrandmarche.fr\/blog\/wp-content\/uploads\/2022\/02\/meuble-chambre-bebe-1.jpg?resize=150%2C150&amp;ssl=1 150w, https:\/\/i1.wp.com\/www.ungrandmarche.fr\/blog\/wp-content\/uploads\/2022\/02\/meuble-chambre-bebe-1.jpg?resize=263%2C263&amp;ssl=1 263w, https:\/\/i1.wp.com\/www.ungrandmarche.fr\/blog\/wp-content\/uploads\/2022\/02\/meuble-chambre-bebe-1.jpg?resize=360%2C360&amp;ssl=1 360w, https:\/\/i1.wp.com\/www.ungrandmarche.fr\/blog\/wp-content\/uploads\/2022\/02\/meuble-chambre-bebe-1.jpg?resize=297%2C297&amp;ssl=1 297w\" sizes=\"(max-width: 500px) 100vw, 500px\" data-recalc-dims=\"1\" \/><\/a><figcaption>1\/20 &#8211; <a href=\"https:\/\/www.ungrandmarche.fr\/boutique\/moud\">MOUD<\/a><\/figcaption><\/figure>\n\n\n\n<h3 class=\"has-text-align-center\">Le coffre \u00e0 jouets en bois<\/h3>\n\n\n\n<div style=\"height:20px\" aria-hidden=\"true\" class=\"wp-block-spacer\"><\/div>\n\n\n\n<p class=\"has-text-align-justify\">Pour donner encore plus de cachet \u00e0 la chambre de votre petit loup, choisissez-lui un coffre \u00e0 jouets en bois revisit\u00e9 pour un style r\u00e9tro super chaleureux.<\/p>\n<\/div>\n\n\n\n<div class=\"wp-block-column\">\n<figure class=\"wp-block-image size-large\"><a href=\"https:\/\/www.ungrandmarche.fr\/boutiques\/p\/eveil-et-jouets\/portique-d-eveil-montessori-version-grise-et-blanche-bbca\/2970051\"><img data-attachment-id=\"6227\" data-permalink=\"https:\/\/www.ungrandmarche.fr\/blog\/tendances\/decorer-chambre-bebe\/attachment\/meuble-chambre-bebe-2\/\" data-orig-file=\"https:\/\/i2.wp.com\/www.ungrandmarche.fr\/blog\/wp-content\/uploads\/2022\/02\/meuble-chambre-bebe-2.jpg?fit=500%2C500&amp;ssl=1\" data-orig-size=\"500,500\" data-comments-opened=\"1\" data-image-meta=\"{&quot;aperture&quot;:&quot;0&quot;,&quot;credit&quot;:&quot;&quot;,&quot;camera&quot;:&quot;&quot;,&quot;caption&quot;:&quot;&quot;,&quot;created_timestamp&quot;:&quot;0&quot;,&quot;copyright&quot;:&quot;&quot;,&quot;focal_length&quot;:&quot;0&quot;,&quot;iso&quot;:&quot;0&quot;,&quot;shutter_speed&quot;:&quot;0&quot;,&quot;title&quot;:&quot;&quot;,&quot;orientation&quot;:&quot;1&quot;}\" data-image-title=\"meuble-chambre-bebe-2\" data-image-description=\"\" data-medium-file=\"https:\/\/i2.wp.com\/www.ungrandmarche.fr\/blog\/wp-content\/uploads\/2022\/02\/meuble-chambre-bebe-2.jpg?fit=300%2C300&amp;ssl=1\" data-large-file=\"https:\/\/i2.wp.com\/www.ungrandmarche.fr\/blog\/wp-content\/uploads\/2022\/02\/meuble-chambre-bebe-2.jpg?fit=500%2C500&amp;ssl=1\" loading=\"lazy\" width=\"500\" height=\"500\" src=\"https:\/\/i2.wp.com\/www.ungrandmarche.fr\/blog\/wp-content\/uploads\/2022\/02\/meuble-chambre-bebe-2.jpg?resize=500%2C500&#038;ssl=1\" alt=\"\" class=\"wp-image-6227\" srcset=\"https:\/\/i2.wp.com\/www.ungrandmarche.fr\/blog\/wp-content\/uploads\/2022\/02\/meuble-chambre-bebe-2.jpg?w=500&amp;ssl=1 500w, https:\/\/i2.wp.com\/www.ungrandmarche.fr\/blog\/wp-content\/uploads\/2022\/02\/meuble-chambre-bebe-2.jpg?resize=300%2C300&amp;ssl=1 300w, https:\/\/i2.wp.com\/www.ungrandmarche.fr\/blog\/wp-content\/uploads\/2022\/02\/meuble-chambre-bebe-2.jpg?resize=150%2C150&amp;ssl=1 150w, https:\/\/i2.wp.com\/www.ungrandmarche.fr\/blog\/wp-content\/uploads\/2022\/02\/meuble-chambre-bebe-2.jpg?resize=263%2C263&amp;ssl=1 263w, https:\/\/i2.wp.com\/www.ungrandmarche.fr\/blog\/wp-content\/uploads\/2022\/02\/meuble-chambre-bebe-2.jpg?resize=360%2C360&amp;ssl=1 360w, https:\/\/i2.wp.com\/www.ungrandmarche.fr\/blog\/wp-content\/uploads\/2022\/02\/meuble-chambre-bebe-2.jpg?resize=297%2C297&amp;ssl=1 297w\" sizes=\"(max-width: 500px) 100vw, 500px\" data-recalc-dims=\"1\" \/><\/a><figcaption>2\/20 &#8211; <a href=\"https:\/\/www.ungrandmarche.fr\/boutique\/bb-camino\">Bb camino<\/a><\/figcaption><\/figure>\n\n\n\n<h3 class=\"has-text-align-center\">Le portique d\u2019\u00e9veil Montessori en bois<\/h3>\n\n\n\n<div style=\"height:20px\" aria-hidden=\"true\" class=\"wp-block-spacer\"><\/div>\n\n\n\n<p class=\"has-text-align-justify\">On vous en parlait tout \u00e0 l\u2019heure, le portique d\u2019\u00e9veil Montessori sur lequel a craqu\u00e9 Nicolas de notre \u00e9quipe pour sa petite Juliette ! Il vient tout droit de la boutique Bb camino et vous pouvez le personnaliser \u00e0 votre guise. C\u2019est pas parfait \u00e7a ?<\/p>\n<\/div>\n<\/div>\n\n\n\n<div class=\"wp-block-columns\">\n<div class=\"wp-block-column\">\n<figure class=\"wp-block-image size-large\"><a href=\"https:\/\/www.ungrandmarche.fr\/boutiques\/p\/univers-enfants\/bureau-et-chaise-baumann\/4037007\"><img data-attachment-id=\"6228\" data-permalink=\"https:\/\/www.ungrandmarche.fr\/blog\/tendances\/decorer-chambre-bebe\/attachment\/meuble-chambre-bebe-3\/\" data-orig-file=\"https:\/\/i2.wp.com\/www.ungrandmarche.fr\/blog\/wp-content\/uploads\/2022\/02\/meuble-chambre-bebe-3.jpg?fit=500%2C500&amp;ssl=1\" data-orig-size=\"500,500\" data-comments-opened=\"1\" data-image-meta=\"{&quot;aperture&quot;:&quot;0&quot;,&quot;credit&quot;:&quot;&quot;,&quot;camera&quot;:&quot;&quot;,&quot;caption&quot;:&quot;&quot;,&quot;created_timestamp&quot;:&quot;0&quot;,&quot;copyright&quot;:&quot;&quot;,&quot;focal_length&quot;:&quot;0&quot;,&quot;iso&quot;:&quot;0&quot;,&quot;shutter_speed&quot;:&quot;0&quot;,&quot;title&quot;:&quot;&quot;,&quot;orientation&quot;:&quot;1&quot;}\" data-image-title=\"meuble-chambre-bebe-3\" data-image-description=\"\" data-medium-file=\"https:\/\/i2.wp.com\/www.ungrandmarche.fr\/blog\/wp-content\/uploads\/2022\/02\/meuble-chambre-bebe-3.jpg?fit=300%2C300&amp;ssl=1\" data-large-file=\"https:\/\/i2.wp.com\/www.ungrandmarche.fr\/blog\/wp-content\/uploads\/2022\/02\/meuble-chambre-bebe-3.jpg?fit=500%2C500&amp;ssl=1\" loading=\"lazy\" width=\"500\" height=\"500\" src=\"https:\/\/i2.wp.com\/www.ungrandmarche.fr\/blog\/wp-content\/uploads\/2022\/02\/meuble-chambre-bebe-3.jpg?resize=500%2C500&#038;ssl=1\" alt=\"\" class=\"wp-image-6228\" srcset=\"https:\/\/i2.wp.com\/www.ungrandmarche.fr\/blog\/wp-content\/uploads\/2022\/02\/meuble-chambre-bebe-3.jpg?w=500&amp;ssl=1 500w, https:\/\/i2.wp.com\/www.ungrandmarche.fr\/blog\/wp-content\/uploads\/2022\/02\/meuble-chambre-bebe-3.jpg?resize=300%2C300&amp;ssl=1 300w, https:\/\/i2.wp.com\/www.ungrandmarche.fr\/blog\/wp-content\/uploads\/2022\/02\/meuble-chambre-bebe-3.jpg?resize=150%2C150&amp;ssl=1 150w, https:\/\/i2.wp.com\/www.ungrandmarche.fr\/blog\/wp-content\/uploads\/2022\/02\/meuble-chambre-bebe-3.jpg?resize=263%2C263&amp;ssl=1 263w, https:\/\/i2.wp.com\/www.ungrandmarche.fr\/blog\/wp-content\/uploads\/2022\/02\/meuble-chambre-bebe-3.jpg?resize=360%2C360&amp;ssl=1 360w, https:\/\/i2.wp.com\/www.ungrandmarche.fr\/blog\/wp-content\/uploads\/2022\/02\/meuble-chambre-bebe-3.jpg?resize=297%2C297&amp;ssl=1 297w\" sizes=\"(max-width: 500px) 100vw, 500px\" data-recalc-dims=\"1\" \/><\/a><figcaption>3\/20 &#8211; <a href=\"https:\/\/www.ungrandmarche.fr\/boutique\/la-petite-fabrique-marseillaise\">La Petite Fabrique Marseillaise<\/a><\/figcaption><\/figure>\n\n\n\n<h3 class=\"has-text-align-center\">Le bureau d\u2019\u00e9colier vintage<\/h3>\n\n\n\n<div style=\"height:20px\" aria-hidden=\"true\" class=\"wp-block-spacer\"><\/div>\n\n\n\n<p class=\"has-text-align-justify\">Pour apporter un c\u00f4t\u00e9 chaleureux \u00e0 la chambre de votre baby, optez pour un bureau et sa chaise, deux belles pi\u00e8ces vintage retap\u00e9es avec soin pour am\u00e9nager l\u2019espace tout en lui apportant un aspect r\u00e9tro super tendance !\u00a0<\/p>\n<\/div>\n\n\n\n<div class=\"wp-block-column\">\n<figure class=\"wp-block-image size-large\"><a href=\"https:\/\/www.ungrandmarche.fr\/boutiques\/p\/table-a-langer-nuage-xxl-bois-plaquage-bb-plan-pour-matelas\/2843743\"><img data-attachment-id=\"6229\" data-permalink=\"https:\/\/www.ungrandmarche.fr\/blog\/tendances\/decorer-chambre-bebe\/attachment\/meuble-chambre-bebe-4\/\" data-orig-file=\"https:\/\/i0.wp.com\/www.ungrandmarche.fr\/blog\/wp-content\/uploads\/2022\/02\/meuble-chambre-bebe-4.jpg?fit=500%2C500&amp;ssl=1\" data-orig-size=\"500,500\" data-comments-opened=\"1\" data-image-meta=\"{&quot;aperture&quot;:&quot;0&quot;,&quot;credit&quot;:&quot;&quot;,&quot;camera&quot;:&quot;&quot;,&quot;caption&quot;:&quot;&quot;,&quot;created_timestamp&quot;:&quot;0&quot;,&quot;copyright&quot;:&quot;&quot;,&quot;focal_length&quot;:&quot;0&quot;,&quot;iso&quot;:&quot;0&quot;,&quot;shutter_speed&quot;:&quot;0&quot;,&quot;title&quot;:&quot;&quot;,&quot;orientation&quot;:&quot;1&quot;}\" data-image-title=\"meuble-chambre-bebe-4\" data-image-description=\"\" data-medium-file=\"https:\/\/i0.wp.com\/www.ungrandmarche.fr\/blog\/wp-content\/uploads\/2022\/02\/meuble-chambre-bebe-4.jpg?fit=300%2C300&amp;ssl=1\" data-large-file=\"https:\/\/i0.wp.com\/www.ungrandmarche.fr\/blog\/wp-content\/uploads\/2022\/02\/meuble-chambre-bebe-4.jpg?fit=500%2C500&amp;ssl=1\" loading=\"lazy\" width=\"500\" height=\"500\" src=\"https:\/\/i0.wp.com\/www.ungrandmarche.fr\/blog\/wp-content\/uploads\/2022\/02\/meuble-chambre-bebe-4.jpg?resize=500%2C500&#038;ssl=1\" alt=\"\" class=\"wp-image-6229\" srcset=\"https:\/\/i0.wp.com\/www.ungrandmarche.fr\/blog\/wp-content\/uploads\/2022\/02\/meuble-chambre-bebe-4.jpg?w=500&amp;ssl=1 500w, https:\/\/i0.wp.com\/www.ungrandmarche.fr\/blog\/wp-content\/uploads\/2022\/02\/meuble-chambre-bebe-4.jpg?resize=300%2C300&amp;ssl=1 300w, https:\/\/i0.wp.com\/www.ungrandmarche.fr\/blog\/wp-content\/uploads\/2022\/02\/meuble-chambre-bebe-4.jpg?resize=150%2C150&amp;ssl=1 150w, https:\/\/i0.wp.com\/www.ungrandmarche.fr\/blog\/wp-content\/uploads\/2022\/02\/meuble-chambre-bebe-4.jpg?resize=263%2C263&amp;ssl=1 263w, https:\/\/i0.wp.com\/www.ungrandmarche.fr\/blog\/wp-content\/uploads\/2022\/02\/meuble-chambre-bebe-4.jpg?resize=360%2C360&amp;ssl=1 360w, https:\/\/i0.wp.com\/www.ungrandmarche.fr\/blog\/wp-content\/uploads\/2022\/02\/meuble-chambre-bebe-4.jpg?resize=297%2C297&amp;ssl=1 297w\" sizes=\"(max-width: 500px) 100vw, 500px\" data-recalc-dims=\"1\" \/><\/a><figcaption>4\/20 &#8211; <a href=\"https:\/\/www.ungrandmarche.fr\/boutique\/le-bois-des-lumieres\">Le bois des lumieres<\/a><\/figcaption><\/figure>\n\n\n\n<h3 class=\"has-text-align-center\">La table \u00e0 langer<\/h3>\n\n\n\n<div style=\"height:20px\" aria-hidden=\"true\" class=\"wp-block-spacer\"><\/div>\n\n\n\n<p class=\"has-text-align-justify\">La table \u00e0 langer est un \u00e9l\u00e9ment pratique mais aussi d\u00e9coratif, surtout quand il est pass\u00e9 entre les mains de nos cr\u00e9ateurs de talent ! Pour choisir le mobilier pour la chambre de b\u00e9b\u00e9, craquez pour des meubles fabriqu\u00e9s \u00e0 la main et \u00e0 la demande qui r\u00e9pondront \u00e0 100% \u00e0 vos besoins et \u00e0 celui de b\u00e9b\u00e9.<\/p>\n<\/div>\n<\/div>\n\n\n\n<div class=\"wp-block-columns\">\n<div class=\"wp-block-column\" style=\"flex-basis:20%\"><\/div>\n\n\n\n<div class=\"wp-block-column\" style=\"flex-basis:60%\">\n<h2 class=\"has-text-align-center\"><strong><strong><strong>Les luminaires pour chambre d\u2019enfant<\/strong><\/strong><\/strong><\/h2>\n\n\n\n<hr class=\"wp-block-separator\"\/>\n<\/div>\n\n\n\n<div class=\"wp-block-column\" style=\"flex-basis:20%\"><\/div>\n<\/div>\n\n\n\n<div class=\"wp-block-columns\">\n<div class=\"wp-block-column\">\n<figure class=\"wp-block-image size-large\"><a href=\"https:\/\/www.ungrandmarche.fr\/boutiques\/p\/luminaires\/petite-lampe-egg-terracotta-leewalia-decoration-d-inte\/3878525\"><img data-attachment-id=\"6231\" data-permalink=\"https:\/\/www.ungrandmarche.fr\/blog\/tendances\/decorer-chambre-bebe\/attachment\/luminaire-chambre-bebe-1\/\" data-orig-file=\"https:\/\/i0.wp.com\/www.ungrandmarche.fr\/blog\/wp-content\/uploads\/2022\/02\/luminaire-chambre-bebe-1.jpg?fit=500%2C500&amp;ssl=1\" data-orig-size=\"500,500\" data-comments-opened=\"1\" data-image-meta=\"{&quot;aperture&quot;:&quot;0&quot;,&quot;credit&quot;:&quot;&quot;,&quot;camera&quot;:&quot;&quot;,&quot;caption&quot;:&quot;&quot;,&quot;created_timestamp&quot;:&quot;0&quot;,&quot;copyright&quot;:&quot;&quot;,&quot;focal_length&quot;:&quot;0&quot;,&quot;iso&quot;:&quot;0&quot;,&quot;shutter_speed&quot;:&quot;0&quot;,&quot;title&quot;:&quot;&quot;,&quot;orientation&quot;:&quot;1&quot;}\" data-image-title=\"luminaire-chambre-bebe-1\" data-image-description=\"\" data-medium-file=\"https:\/\/i0.wp.com\/www.ungrandmarche.fr\/blog\/wp-content\/uploads\/2022\/02\/luminaire-chambre-bebe-1.jpg?fit=300%2C300&amp;ssl=1\" data-large-file=\"https:\/\/i0.wp.com\/www.ungrandmarche.fr\/blog\/wp-content\/uploads\/2022\/02\/luminaire-chambre-bebe-1.jpg?fit=500%2C500&amp;ssl=1\" loading=\"lazy\" width=\"500\" height=\"500\" src=\"https:\/\/i0.wp.com\/www.ungrandmarche.fr\/blog\/wp-content\/uploads\/2022\/02\/luminaire-chambre-bebe-1.jpg?resize=500%2C500&#038;ssl=1\" alt=\"\" class=\"wp-image-6231\" srcset=\"https:\/\/i0.wp.com\/www.ungrandmarche.fr\/blog\/wp-content\/uploads\/2022\/02\/luminaire-chambre-bebe-1.jpg?w=500&amp;ssl=1 500w, https:\/\/i0.wp.com\/www.ungrandmarche.fr\/blog\/wp-content\/uploads\/2022\/02\/luminaire-chambre-bebe-1.jpg?resize=300%2C300&amp;ssl=1 300w, https:\/\/i0.wp.com\/www.ungrandmarche.fr\/blog\/wp-content\/uploads\/2022\/02\/luminaire-chambre-bebe-1.jpg?resize=150%2C150&amp;ssl=1 150w, https:\/\/i0.wp.com\/www.ungrandmarche.fr\/blog\/wp-content\/uploads\/2022\/02\/luminaire-chambre-bebe-1.jpg?resize=263%2C263&amp;ssl=1 263w, https:\/\/i0.wp.com\/www.ungrandmarche.fr\/blog\/wp-content\/uploads\/2022\/02\/luminaire-chambre-bebe-1.jpg?resize=360%2C360&amp;ssl=1 360w, https:\/\/i0.wp.com\/www.ungrandmarche.fr\/blog\/wp-content\/uploads\/2022\/02\/luminaire-chambre-bebe-1.jpg?resize=297%2C297&amp;ssl=1 297w\" sizes=\"(max-width: 500px) 100vw, 500px\" data-recalc-dims=\"1\" \/><\/a><figcaption>5\/20 &#8211; <a href=\"https:\/\/www.ungrandmarche.fr\/boutique\/leewalia\">Leewalia<\/a><\/figcaption><\/figure>\n\n\n\n<h3 class=\"has-text-align-center\">La petite lampe origami couleur terracotta<\/h3>\n\n\n\n<div style=\"height:20px\" aria-hidden=\"true\" class=\"wp-block-spacer\"><\/div>\n\n\n\n<p class=\"has-text-align-justify\">La couleur id\u00e9ale pour la d\u00e9coration d\u2019une petite chambre de b\u00e9b\u00e9 ? La teinte Terracotta ! En peinture sur les murs ou par petites touches d\u00e9coratives comme cette lampe origami au design g\u00e9om\u00e9trique, elle sera id\u00e9ale pour r\u00e9chauffer l\u2019univers de la chambre de b\u00e9b\u00e9.<\/p>\n<\/div>\n\n\n\n<div class=\"wp-block-column\">\n<figure class=\"wp-block-image size-large\"><a href=\"https:\/\/www.ungrandmarche.fr\/boutiques\/p\/luminaires\/lampe-a-poser-sona-en-raphia-luminaire-deco-design\/3756115\"><img data-attachment-id=\"6232\" data-permalink=\"https:\/\/www.ungrandmarche.fr\/blog\/tendances\/decorer-chambre-bebe\/attachment\/luminaire-chambre-bebe-2\/\" data-orig-file=\"https:\/\/i1.wp.com\/www.ungrandmarche.fr\/blog\/wp-content\/uploads\/2022\/02\/luminaire-chambre-bebe-2.jpg?fit=500%2C500&amp;ssl=1\" data-orig-size=\"500,500\" data-comments-opened=\"1\" data-image-meta=\"{&quot;aperture&quot;:&quot;0&quot;,&quot;credit&quot;:&quot;&quot;,&quot;camera&quot;:&quot;&quot;,&quot;caption&quot;:&quot;&quot;,&quot;created_timestamp&quot;:&quot;0&quot;,&quot;copyright&quot;:&quot;&quot;,&quot;focal_length&quot;:&quot;0&quot;,&quot;iso&quot;:&quot;0&quot;,&quot;shutter_speed&quot;:&quot;0&quot;,&quot;title&quot;:&quot;&quot;,&quot;orientation&quot;:&quot;1&quot;}\" data-image-title=\"luminaire-chambre-bebe-2\" data-image-description=\"\" data-medium-file=\"https:\/\/i1.wp.com\/www.ungrandmarche.fr\/blog\/wp-content\/uploads\/2022\/02\/luminaire-chambre-bebe-2.jpg?fit=300%2C300&amp;ssl=1\" data-large-file=\"https:\/\/i1.wp.com\/www.ungrandmarche.fr\/blog\/wp-content\/uploads\/2022\/02\/luminaire-chambre-bebe-2.jpg?fit=500%2C500&amp;ssl=1\" loading=\"lazy\" width=\"500\" height=\"500\" src=\"https:\/\/i1.wp.com\/www.ungrandmarche.fr\/blog\/wp-content\/uploads\/2022\/02\/luminaire-chambre-bebe-2.jpg?resize=500%2C500&#038;ssl=1\" alt=\"\" class=\"wp-image-6232\" srcset=\"https:\/\/i1.wp.com\/www.ungrandmarche.fr\/blog\/wp-content\/uploads\/2022\/02\/luminaire-chambre-bebe-2.jpg?w=500&amp;ssl=1 500w, https:\/\/i1.wp.com\/www.ungrandmarche.fr\/blog\/wp-content\/uploads\/2022\/02\/luminaire-chambre-bebe-2.jpg?resize=300%2C300&amp;ssl=1 300w, https:\/\/i1.wp.com\/www.ungrandmarche.fr\/blog\/wp-content\/uploads\/2022\/02\/luminaire-chambre-bebe-2.jpg?resize=150%2C150&amp;ssl=1 150w, https:\/\/i1.wp.com\/www.ungrandmarche.fr\/blog\/wp-content\/uploads\/2022\/02\/luminaire-chambre-bebe-2.jpg?resize=263%2C263&amp;ssl=1 263w, https:\/\/i1.wp.com\/www.ungrandmarche.fr\/blog\/wp-content\/uploads\/2022\/02\/luminaire-chambre-bebe-2.jpg?resize=360%2C360&amp;ssl=1 360w, https:\/\/i1.wp.com\/www.ungrandmarche.fr\/blog\/wp-content\/uploads\/2022\/02\/luminaire-chambre-bebe-2.jpg?resize=297%2C297&amp;ssl=1 297w\" sizes=\"(max-width: 500px) 100vw, 500px\" data-recalc-dims=\"1\" \/><\/a><figcaption>6\/20 &#8211; <a href=\"https:\/\/www.ungrandmarche.fr\/boutique\/kauze-luminaires\">Kauze luminaires<\/a><\/figcaption><\/figure>\n\n\n\n<h3 class=\"has-text-align-center\">La lampe en raphia pour une chambre mixte magnifique<\/h3>\n\n\n\n<div style=\"height:20px\" aria-hidden=\"true\" class=\"wp-block-spacer\"><\/div>\n\n\n\n<p class=\"has-text-align-justify\">Vous \u00eates \u00e0 la recherche de luminaires pour d\u00e9corer une chambre de b\u00e9b\u00e9 neutre ou mixte ? Nous avons ce qu\u2019il vous faut ! Rendez-vous dans la boutique Kauze luminaires, vous y trouverez des lampes en raphia naturel, des mod\u00e8les super tendances.<\/p>\n<\/div>\n<\/div>\n\n\n\n<div class=\"wp-block-columns\">\n<div class=\"wp-block-column\">\n<figure class=\"wp-block-image size-large\"><a href=\"https:\/\/www.ungrandmarche.fr\/boutiques\/p\/univers-enfants\/lampe-veilleuse-a-led-multicolore-telecommande-impressio\/3639679\"><img data-attachment-id=\"6233\" data-permalink=\"https:\/\/www.ungrandmarche.fr\/blog\/tendances\/decorer-chambre-bebe\/attachment\/luminaire-chambre-bebe-3\/\" data-orig-file=\"https:\/\/i0.wp.com\/www.ungrandmarche.fr\/blog\/wp-content\/uploads\/2022\/02\/luminaire-chambre-bebe-3.jpg?fit=500%2C500&amp;ssl=1\" data-orig-size=\"500,500\" data-comments-opened=\"1\" data-image-meta=\"{&quot;aperture&quot;:&quot;0&quot;,&quot;credit&quot;:&quot;&quot;,&quot;camera&quot;:&quot;&quot;,&quot;caption&quot;:&quot;&quot;,&quot;created_timestamp&quot;:&quot;0&quot;,&quot;copyright&quot;:&quot;&quot;,&quot;focal_length&quot;:&quot;0&quot;,&quot;iso&quot;:&quot;0&quot;,&quot;shutter_speed&quot;:&quot;0&quot;,&quot;title&quot;:&quot;&quot;,&quot;orientation&quot;:&quot;1&quot;}\" data-image-title=\"luminaire-chambre-bebe-3\" data-image-description=\"\" data-medium-file=\"https:\/\/i0.wp.com\/www.ungrandmarche.fr\/blog\/wp-content\/uploads\/2022\/02\/luminaire-chambre-bebe-3.jpg?fit=300%2C300&amp;ssl=1\" data-large-file=\"https:\/\/i0.wp.com\/www.ungrandmarche.fr\/blog\/wp-content\/uploads\/2022\/02\/luminaire-chambre-bebe-3.jpg?fit=500%2C500&amp;ssl=1\" loading=\"lazy\" width=\"500\" height=\"500\" src=\"https:\/\/i0.wp.com\/www.ungrandmarche.fr\/blog\/wp-content\/uploads\/2022\/02\/luminaire-chambre-bebe-3.jpg?resize=500%2C500&#038;ssl=1\" alt=\"\" class=\"wp-image-6233\" srcset=\"https:\/\/i0.wp.com\/www.ungrandmarche.fr\/blog\/wp-content\/uploads\/2022\/02\/luminaire-chambre-bebe-3.jpg?w=500&amp;ssl=1 500w, https:\/\/i0.wp.com\/www.ungrandmarche.fr\/blog\/wp-content\/uploads\/2022\/02\/luminaire-chambre-bebe-3.jpg?resize=300%2C300&amp;ssl=1 300w, https:\/\/i0.wp.com\/www.ungrandmarche.fr\/blog\/wp-content\/uploads\/2022\/02\/luminaire-chambre-bebe-3.jpg?resize=150%2C150&amp;ssl=1 150w, https:\/\/i0.wp.com\/www.ungrandmarche.fr\/blog\/wp-content\/uploads\/2022\/02\/luminaire-chambre-bebe-3.jpg?resize=263%2C263&amp;ssl=1 263w, https:\/\/i0.wp.com\/www.ungrandmarche.fr\/blog\/wp-content\/uploads\/2022\/02\/luminaire-chambre-bebe-3.jpg?resize=360%2C360&amp;ssl=1 360w, https:\/\/i0.wp.com\/www.ungrandmarche.fr\/blog\/wp-content\/uploads\/2022\/02\/luminaire-chambre-bebe-3.jpg?resize=297%2C297&amp;ssl=1 297w\" sizes=\"(max-width: 500px) 100vw, 500px\" data-recalc-dims=\"1\" \/><\/a><figcaption>7\/20 &#8211; <a href=\"https:\/\/www.ungrandmarche.fr\/boutique\/by-lb\">By lb<\/a><\/figcaption><\/figure>\n\n\n\n<h3 class=\"has-text-align-center\">La lampe veilleuse : un accessoire pratique et d\u00e9coratif<\/h3>\n\n\n\n<div style=\"height:20px\" aria-hidden=\"true\" class=\"wp-block-spacer\"><\/div>\n\n\n\n<p class=\"has-text-align-justify\">De beaux r\u00eaves sont assur\u00e9s pour votre petit bout de chou si vous choisissez cette superbe lampe veilleuse en bois de fr\u00eane ! Ses petits plus : son d\u00e9cor unique avec les d\u00e9coupes en forme d\u2019\u00e9toile dans le bois et son syst\u00e8me led multicolore qui illuminera la chambre de b\u00e9b\u00e9 \u00e0 votre guise.<\/p>\n<\/div>\n\n\n\n<div class=\"wp-block-column\">\n<figure class=\"wp-block-image size-large\"><a href=\"https:\/\/www.ungrandmarche.fr\/boutiques\/p\/luminaires\/lampe-chevet-enfant-valise-motif-tigres\/3810601\"><img data-attachment-id=\"6234\" data-permalink=\"https:\/\/www.ungrandmarche.fr\/blog\/tendances\/decorer-chambre-bebe\/attachment\/luminaire-chambre-bebe-4\/\" data-orig-file=\"https:\/\/i1.wp.com\/www.ungrandmarche.fr\/blog\/wp-content\/uploads\/2022\/02\/luminaire-chambre-bebe-4.jpg?fit=500%2C500&amp;ssl=1\" data-orig-size=\"500,500\" data-comments-opened=\"1\" data-image-meta=\"{&quot;aperture&quot;:&quot;0&quot;,&quot;credit&quot;:&quot;&quot;,&quot;camera&quot;:&quot;&quot;,&quot;caption&quot;:&quot;&quot;,&quot;created_timestamp&quot;:&quot;0&quot;,&quot;copyright&quot;:&quot;&quot;,&quot;focal_length&quot;:&quot;0&quot;,&quot;iso&quot;:&quot;0&quot;,&quot;shutter_speed&quot;:&quot;0&quot;,&quot;title&quot;:&quot;&quot;,&quot;orientation&quot;:&quot;1&quot;}\" data-image-title=\"luminaire-chambre-bebe-4\" data-image-description=\"\" data-medium-file=\"https:\/\/i1.wp.com\/www.ungrandmarche.fr\/blog\/wp-content\/uploads\/2022\/02\/luminaire-chambre-bebe-4.jpg?fit=300%2C300&amp;ssl=1\" data-large-file=\"https:\/\/i1.wp.com\/www.ungrandmarche.fr\/blog\/wp-content\/uploads\/2022\/02\/luminaire-chambre-bebe-4.jpg?fit=500%2C500&amp;ssl=1\" loading=\"lazy\" width=\"500\" height=\"500\" src=\"https:\/\/i1.wp.com\/www.ungrandmarche.fr\/blog\/wp-content\/uploads\/2022\/02\/luminaire-chambre-bebe-4.jpg?resize=500%2C500&#038;ssl=1\" alt=\"\" class=\"wp-image-6234\" srcset=\"https:\/\/i1.wp.com\/www.ungrandmarche.fr\/blog\/wp-content\/uploads\/2022\/02\/luminaire-chambre-bebe-4.jpg?w=500&amp;ssl=1 500w, https:\/\/i1.wp.com\/www.ungrandmarche.fr\/blog\/wp-content\/uploads\/2022\/02\/luminaire-chambre-bebe-4.jpg?resize=300%2C300&amp;ssl=1 300w, https:\/\/i1.wp.com\/www.ungrandmarche.fr\/blog\/wp-content\/uploads\/2022\/02\/luminaire-chambre-bebe-4.jpg?resize=150%2C150&amp;ssl=1 150w, https:\/\/i1.wp.com\/www.ungrandmarche.fr\/blog\/wp-content\/uploads\/2022\/02\/luminaire-chambre-bebe-4.jpg?resize=263%2C263&amp;ssl=1 263w, https:\/\/i1.wp.com\/www.ungrandmarche.fr\/blog\/wp-content\/uploads\/2022\/02\/luminaire-chambre-bebe-4.jpg?resize=360%2C360&amp;ssl=1 360w, https:\/\/i1.wp.com\/www.ungrandmarche.fr\/blog\/wp-content\/uploads\/2022\/02\/luminaire-chambre-bebe-4.jpg?resize=297%2C297&amp;ssl=1 297w\" sizes=\"(max-width: 500px) 100vw, 500px\" data-recalc-dims=\"1\" \/><\/a><figcaption>8\/20 &#8211; <a href=\"https:\/\/www.ungrandmarche.fr\/boutique\/reve-de-lampes\">R\u00eave de lampes<\/a><\/figcaption><\/figure>\n\n\n\n<h3 class=\"has-text-align-center\">La lampe sur le th\u00e8me des animaux de la savane et de la jungle<\/h3>\n\n\n\n<div style=\"height:20px\" aria-hidden=\"true\" class=\"wp-block-spacer\"><\/div>\n\n\n\n<p class=\"has-text-align-justify\">Vous voulez fuir les th\u00e8mes classiques et recherchez plut\u00f4t une id\u00e9e de th\u00e8me originale pour d\u00e9corer la chambre de votre enfant ? Imaginez un th\u00e8me autour des animaux de la jungle ou de la savane et laissez votre petit prince devenir un grand aventurier ! Petit conseil pour cr\u00e9er un univers unique et tendance : choisissez un papier peint ou une peinture couleur neutre comme le beige et ajoutez des \u00e9l\u00e9ments d\u00e9coratifs comme une lampe imprim\u00e9e fabriqu\u00e9e par un cr\u00e9ateur passionn\u00e9.<\/p>\n<\/div>\n<\/div>\n\n\n\n<div class=\"wp-block-columns\">\n<div class=\"wp-block-column\">\n<figure class=\"wp-block-image size-large\"><a href=\"https:\/\/www.ungrandmarche.fr\/boutiques\/p\/luminaires\/suspension-abat-jour-motifs-feuilles-et-oiseaux-sur-fond-gr\/3760081\"><img data-attachment-id=\"6235\" data-permalink=\"https:\/\/www.ungrandmarche.fr\/blog\/tendances\/decorer-chambre-bebe\/attachment\/luminaire-chambre-bebe-5\/\" data-orig-file=\"https:\/\/i0.wp.com\/www.ungrandmarche.fr\/blog\/wp-content\/uploads\/2022\/02\/luminaire-chambre-bebe-5.jpg?fit=500%2C500&amp;ssl=1\" data-orig-size=\"500,500\" data-comments-opened=\"1\" data-image-meta=\"{&quot;aperture&quot;:&quot;0&quot;,&quot;credit&quot;:&quot;&quot;,&quot;camera&quot;:&quot;&quot;,&quot;caption&quot;:&quot;&quot;,&quot;created_timestamp&quot;:&quot;0&quot;,&quot;copyright&quot;:&quot;&quot;,&quot;focal_length&quot;:&quot;0&quot;,&quot;iso&quot;:&quot;0&quot;,&quot;shutter_speed&quot;:&quot;0&quot;,&quot;title&quot;:&quot;&quot;,&quot;orientation&quot;:&quot;1&quot;}\" data-image-title=\"luminaire-chambre-bebe-5\" data-image-description=\"\" data-medium-file=\"https:\/\/i0.wp.com\/www.ungrandmarche.fr\/blog\/wp-content\/uploads\/2022\/02\/luminaire-chambre-bebe-5.jpg?fit=300%2C300&amp;ssl=1\" data-large-file=\"https:\/\/i0.wp.com\/www.ungrandmarche.fr\/blog\/wp-content\/uploads\/2022\/02\/luminaire-chambre-bebe-5.jpg?fit=500%2C500&amp;ssl=1\" loading=\"lazy\" width=\"500\" height=\"500\" src=\"https:\/\/i0.wp.com\/www.ungrandmarche.fr\/blog\/wp-content\/uploads\/2022\/02\/luminaire-chambre-bebe-5.jpg?resize=500%2C500&#038;ssl=1\" alt=\"\" class=\"wp-image-6235\" srcset=\"https:\/\/i0.wp.com\/www.ungrandmarche.fr\/blog\/wp-content\/uploads\/2022\/02\/luminaire-chambre-bebe-5.jpg?w=500&amp;ssl=1 500w, https:\/\/i0.wp.com\/www.ungrandmarche.fr\/blog\/wp-content\/uploads\/2022\/02\/luminaire-chambre-bebe-5.jpg?resize=300%2C300&amp;ssl=1 300w, https:\/\/i0.wp.com\/www.ungrandmarche.fr\/blog\/wp-content\/uploads\/2022\/02\/luminaire-chambre-bebe-5.jpg?resize=150%2C150&amp;ssl=1 150w, https:\/\/i0.wp.com\/www.ungrandmarche.fr\/blog\/wp-content\/uploads\/2022\/02\/luminaire-chambre-bebe-5.jpg?resize=263%2C263&amp;ssl=1 263w, https:\/\/i0.wp.com\/www.ungrandmarche.fr\/blog\/wp-content\/uploads\/2022\/02\/luminaire-chambre-bebe-5.jpg?resize=360%2C360&amp;ssl=1 360w, https:\/\/i0.wp.com\/www.ungrandmarche.fr\/blog\/wp-content\/uploads\/2022\/02\/luminaire-chambre-bebe-5.jpg?resize=297%2C297&amp;ssl=1 297w\" sizes=\"(max-width: 500px) 100vw, 500px\" data-recalc-dims=\"1\" \/><\/a><figcaption>9\/20 &#8211; <a href=\"https:\/\/www.ungrandmarche.fr\/boutique\/jourdepluiecreations\">Jourdepluiecreations<\/a><\/figcaption><\/figure>\n\n\n\n<h3 class=\"has-text-align-center\">L\u2019abat jour aux motifs po\u00e9tiques<\/h3>\n\n\n\n<div style=\"height:20px\" aria-hidden=\"true\" class=\"wp-block-spacer\"><\/div>\n\n\n\n<p class=\"has-text-align-justify\">Pour cr\u00e9er un univers po\u00e9tique dans la chambre de votre fille, optez pour un abat-jour couleur \u00e9cru et ses motifs oiseaux trop mignons ! Rendez-vous chez Jourdepluiecreations, une boutique h\u00e9berg\u00e9e sur Un Grand March\u00e9 sp\u00e9cialis\u00e9e dans les luminaires pour d\u00e9corer votre int\u00e9rieur.<\/p>\n<\/div>\n\n\n\n<div class=\"wp-block-column\"><\/div>\n<\/div>\n\n\n\n<div class=\"wp-block-columns\">\n<div class=\"wp-block-column\" style=\"flex-basis:20%\"><\/div>\n\n\n\n<div class=\"wp-block-column\" style=\"flex-basis:60%\">\n<h2 class=\"has-text-align-center\"><strong><strong><strong><strong>Les \u00e9tag\u00e8res pour une d\u00e9coration au style scandinave et boh\u00e8me<\/strong><\/strong><\/strong><\/strong><\/h2>\n\n\n\n<hr class=\"wp-block-separator\"\/>\n<\/div>\n\n\n\n<div class=\"wp-block-column\" style=\"flex-basis:20%\"><\/div>\n<\/div>\n\n\n\n<div class=\"wp-block-columns\">\n<div class=\"wp-block-column\">\n<figure class=\"wp-block-image size-large\"><a href=\"https:\/\/www.ungrandmarche.fr\/boutiques\/p\/meubles\/balancoire-etagere-en-bois-decoration-chambre-bebe\/1876721\"><img data-attachment-id=\"6237\" data-permalink=\"https:\/\/www.ungrandmarche.fr\/blog\/tendances\/decorer-chambre-bebe\/attachment\/etagere-chambre-bebe-1\/\" data-orig-file=\"https:\/\/i2.wp.com\/www.ungrandmarche.fr\/blog\/wp-content\/uploads\/2022\/02\/etagere-chambre-bebe-1.jpg?fit=500%2C500&amp;ssl=1\" data-orig-size=\"500,500\" data-comments-opened=\"1\" data-image-meta=\"{&quot;aperture&quot;:&quot;0&quot;,&quot;credit&quot;:&quot;&quot;,&quot;camera&quot;:&quot;&quot;,&quot;caption&quot;:&quot;&quot;,&quot;created_timestamp&quot;:&quot;0&quot;,&quot;copyright&quot;:&quot;&quot;,&quot;focal_length&quot;:&quot;0&quot;,&quot;iso&quot;:&quot;0&quot;,&quot;shutter_speed&quot;:&quot;0&quot;,&quot;title&quot;:&quot;&quot;,&quot;orientation&quot;:&quot;1&quot;}\" data-image-title=\"etagere-chambre-bebe-1\" data-image-description=\"\" data-medium-file=\"https:\/\/i2.wp.com\/www.ungrandmarche.fr\/blog\/wp-content\/uploads\/2022\/02\/etagere-chambre-bebe-1.jpg?fit=300%2C300&amp;ssl=1\" data-large-file=\"https:\/\/i2.wp.com\/www.ungrandmarche.fr\/blog\/wp-content\/uploads\/2022\/02\/etagere-chambre-bebe-1.jpg?fit=500%2C500&amp;ssl=1\" loading=\"lazy\" width=\"500\" height=\"500\" src=\"https:\/\/i2.wp.com\/www.ungrandmarche.fr\/blog\/wp-content\/uploads\/2022\/02\/etagere-chambre-bebe-1.jpg?resize=500%2C500&#038;ssl=1\" alt=\"\" class=\"wp-image-6237\" srcset=\"https:\/\/i2.wp.com\/www.ungrandmarche.fr\/blog\/wp-content\/uploads\/2022\/02\/etagere-chambre-bebe-1.jpg?w=500&amp;ssl=1 500w, https:\/\/i2.wp.com\/www.ungrandmarche.fr\/blog\/wp-content\/uploads\/2022\/02\/etagere-chambre-bebe-1.jpg?resize=300%2C300&amp;ssl=1 300w, https:\/\/i2.wp.com\/www.ungrandmarche.fr\/blog\/wp-content\/uploads\/2022\/02\/etagere-chambre-bebe-1.jpg?resize=150%2C150&amp;ssl=1 150w, https:\/\/i2.wp.com\/www.ungrandmarche.fr\/blog\/wp-content\/uploads\/2022\/02\/etagere-chambre-bebe-1.jpg?resize=263%2C263&amp;ssl=1 263w, https:\/\/i2.wp.com\/www.ungrandmarche.fr\/blog\/wp-content\/uploads\/2022\/02\/etagere-chambre-bebe-1.jpg?resize=360%2C360&amp;ssl=1 360w, https:\/\/i2.wp.com\/www.ungrandmarche.fr\/blog\/wp-content\/uploads\/2022\/02\/etagere-chambre-bebe-1.jpg?resize=297%2C297&amp;ssl=1 297w\" sizes=\"(max-width: 500px) 100vw, 500px\" data-recalc-dims=\"1\" \/><\/a><figcaption>10\/20 &#8211; <a href=\"https:\/\/www.ungrandmarche.fr\/boutique\/la-perle-revee\">La Perle R\u00eav\u00e9e<\/a><\/figcaption><\/figure>\n\n\n\n<h3 class=\"has-text-align-center\">L\u2019\u00e9tag\u00e8re balan\u00e7oire en bois : super id\u00e9e d\u00e9co pour la chambre d\u2019une petite fille<\/h3>\n\n\n\n<div style=\"height:20px\" aria-hidden=\"true\" class=\"wp-block-spacer\"><\/div>\n\n\n\n<p class=\"has-text-align-justify\">Voici une version trop mignonne et super tendance de la mythique \u00e9tag\u00e8re ! Id\u00e9ale pour poser des petits objets de d\u00e9coration, cette \u00e9tag\u00e8re suspendue ajoutera une touche de l\u00e9g\u00e8ret\u00e9 dans la chambre de b\u00e9b\u00e9.<\/p>\n<\/div>\n\n\n\n<div class=\"wp-block-column\">\n<figure class=\"wp-block-image size-large\"><a href=\"https:\/\/www.ungrandmarche.fr\/boutiques\/p\/meubles\/tablette-etagere-suspendue-marqueterie-leewalia-table\/2208395\"><img data-attachment-id=\"6238\" data-permalink=\"https:\/\/www.ungrandmarche.fr\/blog\/tendances\/decorer-chambre-bebe\/attachment\/etagere-chambre-bebe-2\/\" data-orig-file=\"https:\/\/i1.wp.com\/www.ungrandmarche.fr\/blog\/wp-content\/uploads\/2022\/02\/etagere-chambre-bebe-2.jpg?fit=500%2C500&amp;ssl=1\" data-orig-size=\"500,500\" data-comments-opened=\"1\" data-image-meta=\"{&quot;aperture&quot;:&quot;0&quot;,&quot;credit&quot;:&quot;&quot;,&quot;camera&quot;:&quot;&quot;,&quot;caption&quot;:&quot;&quot;,&quot;created_timestamp&quot;:&quot;0&quot;,&quot;copyright&quot;:&quot;&quot;,&quot;focal_length&quot;:&quot;0&quot;,&quot;iso&quot;:&quot;0&quot;,&quot;shutter_speed&quot;:&quot;0&quot;,&quot;title&quot;:&quot;&quot;,&quot;orientation&quot;:&quot;1&quot;}\" data-image-title=\"etagere-chambre-bebe-2\" data-image-description=\"\" data-medium-file=\"https:\/\/i1.wp.com\/www.ungrandmarche.fr\/blog\/wp-content\/uploads\/2022\/02\/etagere-chambre-bebe-2.jpg?fit=300%2C300&amp;ssl=1\" data-large-file=\"https:\/\/i1.wp.com\/www.ungrandmarche.fr\/blog\/wp-content\/uploads\/2022\/02\/etagere-chambre-bebe-2.jpg?fit=500%2C500&amp;ssl=1\" loading=\"lazy\" width=\"500\" height=\"500\" src=\"https:\/\/i1.wp.com\/www.ungrandmarche.fr\/blog\/wp-content\/uploads\/2022\/02\/etagere-chambre-bebe-2.jpg?resize=500%2C500&#038;ssl=1\" alt=\"\" class=\"wp-image-6238\" srcset=\"https:\/\/i1.wp.com\/www.ungrandmarche.fr\/blog\/wp-content\/uploads\/2022\/02\/etagere-chambre-bebe-2.jpg?w=500&amp;ssl=1 500w, https:\/\/i1.wp.com\/www.ungrandmarche.fr\/blog\/wp-content\/uploads\/2022\/02\/etagere-chambre-bebe-2.jpg?resize=300%2C300&amp;ssl=1 300w, https:\/\/i1.wp.com\/www.ungrandmarche.fr\/blog\/wp-content\/uploads\/2022\/02\/etagere-chambre-bebe-2.jpg?resize=150%2C150&amp;ssl=1 150w, https:\/\/i1.wp.com\/www.ungrandmarche.fr\/blog\/wp-content\/uploads\/2022\/02\/etagere-chambre-bebe-2.jpg?resize=263%2C263&amp;ssl=1 263w, https:\/\/i1.wp.com\/www.ungrandmarche.fr\/blog\/wp-content\/uploads\/2022\/02\/etagere-chambre-bebe-2.jpg?resize=360%2C360&amp;ssl=1 360w, https:\/\/i1.wp.com\/www.ungrandmarche.fr\/blog\/wp-content\/uploads\/2022\/02\/etagere-chambre-bebe-2.jpg?resize=297%2C297&amp;ssl=1 297w\" sizes=\"(max-width: 500px) 100vw, 500px\" data-recalc-dims=\"1\" \/><\/a><figcaption>11\/20 &#8211; <a href=\"https:\/\/www.ungrandmarche.fr\/boutique\/leewalia\">Leewalia<\/a><\/figcaption><\/figure>\n\n\n\n<h3 class=\"has-text-align-center\">L\u2019\u00e9tag\u00e8re suspendue au style nordique<\/h3>\n\n\n\n<div style=\"height:20px\" aria-hidden=\"true\" class=\"wp-block-spacer\"><\/div>\n\n\n\n<p class=\"has-text-align-justify\">Vous recherchez des \u00e9l\u00e9ments d\u00e9coratifs au style nordique pour une chambre b\u00e9b\u00e9 originale ? En voici une : l\u2019\u00e9tag\u00e8re suspendue et sa forme hexagonale super tendance !<\/p>\n<\/div>\n<\/div>\n\n\n\n<div class=\"wp-block-columns\">\n<div class=\"wp-block-column\">\n<figure class=\"wp-block-image size-large\"><a href=\"https:\/\/www.ungrandmarche.fr\/boutiques\/p\/decorations-murales\/etageres-maison-decorations-murale\/2836411\"><img data-attachment-id=\"6239\" data-permalink=\"https:\/\/www.ungrandmarche.fr\/blog\/tendances\/decorer-chambre-bebe\/attachment\/etagere-chambre-bebe-3\/\" data-orig-file=\"https:\/\/i2.wp.com\/www.ungrandmarche.fr\/blog\/wp-content\/uploads\/2022\/02\/etagere-chambre-bebe-3.jpg?fit=500%2C500&amp;ssl=1\" data-orig-size=\"500,500\" data-comments-opened=\"1\" data-image-meta=\"{&quot;aperture&quot;:&quot;0&quot;,&quot;credit&quot;:&quot;&quot;,&quot;camera&quot;:&quot;&quot;,&quot;caption&quot;:&quot;&quot;,&quot;created_timestamp&quot;:&quot;0&quot;,&quot;copyright&quot;:&quot;&quot;,&quot;focal_length&quot;:&quot;0&quot;,&quot;iso&quot;:&quot;0&quot;,&quot;shutter_speed&quot;:&quot;0&quot;,&quot;title&quot;:&quot;&quot;,&quot;orientation&quot;:&quot;1&quot;}\" data-image-title=\"etagere-chambre-bebe-3\" data-image-description=\"\" data-medium-file=\"https:\/\/i2.wp.com\/www.ungrandmarche.fr\/blog\/wp-content\/uploads\/2022\/02\/etagere-chambre-bebe-3.jpg?fit=300%2C300&amp;ssl=1\" data-large-file=\"https:\/\/i2.wp.com\/www.ungrandmarche.fr\/blog\/wp-content\/uploads\/2022\/02\/etagere-chambre-bebe-3.jpg?fit=500%2C500&amp;ssl=1\" loading=\"lazy\" width=\"500\" height=\"500\" src=\"https:\/\/i2.wp.com\/www.ungrandmarche.fr\/blog\/wp-content\/uploads\/2022\/02\/etagere-chambre-bebe-3.jpg?resize=500%2C500&#038;ssl=1\" alt=\"\" class=\"wp-image-6239\" srcset=\"https:\/\/i2.wp.com\/www.ungrandmarche.fr\/blog\/wp-content\/uploads\/2022\/02\/etagere-chambre-bebe-3.jpg?w=500&amp;ssl=1 500w, https:\/\/i2.wp.com\/www.ungrandmarche.fr\/blog\/wp-content\/uploads\/2022\/02\/etagere-chambre-bebe-3.jpg?resize=300%2C300&amp;ssl=1 300w, https:\/\/i2.wp.com\/www.ungrandmarche.fr\/blog\/wp-content\/uploads\/2022\/02\/etagere-chambre-bebe-3.jpg?resize=150%2C150&amp;ssl=1 150w, https:\/\/i2.wp.com\/www.ungrandmarche.fr\/blog\/wp-content\/uploads\/2022\/02\/etagere-chambre-bebe-3.jpg?resize=263%2C263&amp;ssl=1 263w, https:\/\/i2.wp.com\/www.ungrandmarche.fr\/blog\/wp-content\/uploads\/2022\/02\/etagere-chambre-bebe-3.jpg?resize=360%2C360&amp;ssl=1 360w, https:\/\/i2.wp.com\/www.ungrandmarche.fr\/blog\/wp-content\/uploads\/2022\/02\/etagere-chambre-bebe-3.jpg?resize=297%2C297&amp;ssl=1 297w\" sizes=\"(max-width: 500px) 100vw, 500px\" data-recalc-dims=\"1\" \/><\/a><figcaption>12\/20 &#8211; <a href=\"https:\/\/www.ungrandmarche.fr\/boutique\/souvenirs-de-deux-mains\">Souvenirs de deux-mains<\/a><\/figcaption><\/figure>\n\n\n\n<h3 class=\"has-text-align-center\">Les \u00e9tag\u00e8res personnalisables en forme de maison<\/h3>\n\n\n\n<div style=\"height:20px\" aria-hidden=\"true\" class=\"wp-block-spacer\"><\/div>\n\n\n\n<p class=\"has-text-align-justify\">Nos cr\u00e9ateurs fran\u00e7ais utilisent leur cr\u00e9ativit\u00e9 d\u00e9bordante pour fabriquer des objets de d\u00e9coration personnalis\u00e9s pour la chambre de b\u00e9b\u00e9. Dans l\u2019\u00e9quipe, nous avons eu un gros coup de coeur pour ces \u00e9tag\u00e8res en forme de maison qui peuvent \u00eatre personnalis\u00e9es selon le th\u00e8me et les coloris de votre choix ! C\u2019est pas g\u00e9nial \u00e7a ?<\/p>\n<\/div>\n\n\n\n<div class=\"wp-block-column\"><\/div>\n<\/div>\n\n\n\n<div class=\"wp-block-columns\">\n<div class=\"wp-block-column\" style=\"flex-basis:20%\"><\/div>\n\n\n\n<div class=\"wp-block-column\" style=\"flex-basis:60%\">\n<h2 class=\"has-text-align-center\"><strong><strong><strong><strong><strong>Les paniers de rangement parfaits pour une chambre d\u2019enfant<\/strong><\/strong><\/strong><\/strong><\/strong><\/h2>\n\n\n\n<hr class=\"wp-block-separator\"\/>\n<\/div>\n\n\n\n<div class=\"wp-block-column\" style=\"flex-basis:20%\"><\/div>\n<\/div>\n\n\n\n<div class=\"wp-block-columns\">\n<div class=\"wp-block-column\">\n<figure class=\"wp-block-image size-large\"><a href=\"https:\/\/www.ungrandmarche.fr\/boutiques\/p\/objets-de-decoration\/panier-tresse-decore-de-pompons-laine-feutree\/1703377\"><img data-attachment-id=\"6241\" data-permalink=\"https:\/\/www.ungrandmarche.fr\/blog\/tendances\/decorer-chambre-bebe\/attachment\/rangement-chambre-bebe-1\/\" data-orig-file=\"https:\/\/i2.wp.com\/www.ungrandmarche.fr\/blog\/wp-content\/uploads\/2022\/02\/rangement-chambre-bebe-1.jpg?fit=500%2C500&amp;ssl=1\" data-orig-size=\"500,500\" data-comments-opened=\"1\" data-image-meta=\"{&quot;aperture&quot;:&quot;0&quot;,&quot;credit&quot;:&quot;&quot;,&quot;camera&quot;:&quot;&quot;,&quot;caption&quot;:&quot;&quot;,&quot;created_timestamp&quot;:&quot;0&quot;,&quot;copyright&quot;:&quot;&quot;,&quot;focal_length&quot;:&quot;0&quot;,&quot;iso&quot;:&quot;0&quot;,&quot;shutter_speed&quot;:&quot;0&quot;,&quot;title&quot;:&quot;&quot;,&quot;orientation&quot;:&quot;1&quot;}\" data-image-title=\"rangement-chambre-bebe-1\" data-image-description=\"\" data-medium-file=\"https:\/\/i2.wp.com\/www.ungrandmarche.fr\/blog\/wp-content\/uploads\/2022\/02\/rangement-chambre-bebe-1.jpg?fit=300%2C300&amp;ssl=1\" data-large-file=\"https:\/\/i2.wp.com\/www.ungrandmarche.fr\/blog\/wp-content\/uploads\/2022\/02\/rangement-chambre-bebe-1.jpg?fit=500%2C500&amp;ssl=1\" loading=\"lazy\" width=\"500\" height=\"500\" src=\"https:\/\/i2.wp.com\/www.ungrandmarche.fr\/blog\/wp-content\/uploads\/2022\/02\/rangement-chambre-bebe-1.jpg?resize=500%2C500&#038;ssl=1\" alt=\"\" class=\"wp-image-6241\" srcset=\"https:\/\/i2.wp.com\/www.ungrandmarche.fr\/blog\/wp-content\/uploads\/2022\/02\/rangement-chambre-bebe-1.jpg?w=500&amp;ssl=1 500w, https:\/\/i2.wp.com\/www.ungrandmarche.fr\/blog\/wp-content\/uploads\/2022\/02\/rangement-chambre-bebe-1.jpg?resize=300%2C300&amp;ssl=1 300w, https:\/\/i2.wp.com\/www.ungrandmarche.fr\/blog\/wp-content\/uploads\/2022\/02\/rangement-chambre-bebe-1.jpg?resize=150%2C150&amp;ssl=1 150w, https:\/\/i2.wp.com\/www.ungrandmarche.fr\/blog\/wp-content\/uploads\/2022\/02\/rangement-chambre-bebe-1.jpg?resize=263%2C263&amp;ssl=1 263w, https:\/\/i2.wp.com\/www.ungrandmarche.fr\/blog\/wp-content\/uploads\/2022\/02\/rangement-chambre-bebe-1.jpg?resize=360%2C360&amp;ssl=1 360w, https:\/\/i2.wp.com\/www.ungrandmarche.fr\/blog\/wp-content\/uploads\/2022\/02\/rangement-chambre-bebe-1.jpg?resize=297%2C297&amp;ssl=1 297w\" sizes=\"(max-width: 500px) 100vw, 500px\" data-recalc-dims=\"1\" \/><\/a><figcaption>13\/20 &#8211; <a href=\"https:\/\/www.ungrandmarche.fr\/boutique\/happy-pink-berry\">Happy pink berry<\/a><\/figcaption><\/figure>\n\n\n\n<h3 class=\"has-text-align-center\">Le panier tress\u00e9 pompons \u00e0 personnaliser<\/h3>\n\n\n\n<div style=\"height:20px\" aria-hidden=\"true\" class=\"wp-block-spacer\"><\/div>\n\n\n\n<p class=\"has-text-align-justify\">Vous avez envie d\u2019ajouter une petite touche de folie et d\u2019originalit\u00e9 dans la chambre de votre b\u00e9b\u00e9 ? Optez pour des paniers tress\u00e9s orn\u00e9s de pompons color\u00e9s en laine feutr\u00e9e. Petit plus trop cool : dans la boutique Happy Pink Berry, vous pourrez m\u00eame choisir les couleurs des pompons pour que cela matche au mieux avec le th\u00e8me d\u00e9co s\u00e9lectionn\u00e9 !<\/p>\n<\/div>\n\n\n\n<div class=\"wp-block-column\">\n<figure class=\"wp-block-image size-large\"><a href=\"https:\/\/www.ungrandmarche.fr\/boutiques\/p\/rangements\/outlet-panier-de-rangement-pompons-et-inscription-en-tric\/4018856\"><img data-attachment-id=\"6242\" data-permalink=\"https:\/\/www.ungrandmarche.fr\/blog\/tendances\/decorer-chambre-bebe\/attachment\/rangement-chambre-bebe-2\/\" data-orig-file=\"https:\/\/i2.wp.com\/www.ungrandmarche.fr\/blog\/wp-content\/uploads\/2022\/02\/rangement-chambre-bebe-2.jpg?fit=500%2C500&amp;ssl=1\" data-orig-size=\"500,500\" data-comments-opened=\"1\" data-image-meta=\"{&quot;aperture&quot;:&quot;0&quot;,&quot;credit&quot;:&quot;&quot;,&quot;camera&quot;:&quot;&quot;,&quot;caption&quot;:&quot;&quot;,&quot;created_timestamp&quot;:&quot;0&quot;,&quot;copyright&quot;:&quot;&quot;,&quot;focal_length&quot;:&quot;0&quot;,&quot;iso&quot;:&quot;0&quot;,&quot;shutter_speed&quot;:&quot;0&quot;,&quot;title&quot;:&quot;&quot;,&quot;orientation&quot;:&quot;1&quot;}\" data-image-title=\"rangement-chambre-bebe-2\" data-image-description=\"\" data-medium-file=\"https:\/\/i2.wp.com\/www.ungrandmarche.fr\/blog\/wp-content\/uploads\/2022\/02\/rangement-chambre-bebe-2.jpg?fit=300%2C300&amp;ssl=1\" data-large-file=\"https:\/\/i2.wp.com\/www.ungrandmarche.fr\/blog\/wp-content\/uploads\/2022\/02\/rangement-chambre-bebe-2.jpg?fit=500%2C500&amp;ssl=1\" loading=\"lazy\" width=\"500\" height=\"500\" src=\"https:\/\/i2.wp.com\/www.ungrandmarche.fr\/blog\/wp-content\/uploads\/2022\/02\/rangement-chambre-bebe-2.jpg?resize=500%2C500&#038;ssl=1\" alt=\"\" class=\"wp-image-6242\" srcset=\"https:\/\/i2.wp.com\/www.ungrandmarche.fr\/blog\/wp-content\/uploads\/2022\/02\/rangement-chambre-bebe-2.jpg?w=500&amp;ssl=1 500w, https:\/\/i2.wp.com\/www.ungrandmarche.fr\/blog\/wp-content\/uploads\/2022\/02\/rangement-chambre-bebe-2.jpg?resize=300%2C300&amp;ssl=1 300w, https:\/\/i2.wp.com\/www.ungrandmarche.fr\/blog\/wp-content\/uploads\/2022\/02\/rangement-chambre-bebe-2.jpg?resize=150%2C150&amp;ssl=1 150w, https:\/\/i2.wp.com\/www.ungrandmarche.fr\/blog\/wp-content\/uploads\/2022\/02\/rangement-chambre-bebe-2.jpg?resize=263%2C263&amp;ssl=1 263w, https:\/\/i2.wp.com\/www.ungrandmarche.fr\/blog\/wp-content\/uploads\/2022\/02\/rangement-chambre-bebe-2.jpg?resize=360%2C360&amp;ssl=1 360w, https:\/\/i2.wp.com\/www.ungrandmarche.fr\/blog\/wp-content\/uploads\/2022\/02\/rangement-chambre-bebe-2.jpg?resize=297%2C297&amp;ssl=1 297w\" sizes=\"(max-width: 500px) 100vw, 500px\" data-recalc-dims=\"1\" \/><\/a><figcaption>14\/20 &#8211; <a href=\"https:\/\/www.ungrandmarche.fr\/boutique\/wawawools\">WawaWools<\/a><\/figcaption><\/figure>\n\n\n\n<h3 class=\"has-text-align-center\">Le panier \u00e0 jouet en tricotin : un achat pratique et magnifique<\/h3>\n\n\n\n<div style=\"height:20px\" aria-hidden=\"true\" class=\"wp-block-spacer\"><\/div>\n\n\n\n<p class=\"has-text-align-justify\">M\u00eame si votre petit loup n\u2019est peut-\u00eatre pas encore en \u00e2ge de mettre le grand bazar dans sa chambre apr\u00e8s avoir utilis\u00e9 ses jouets, cette p\u00e9riode finira bien par arriver ! Astuce 2-en-1 pour les futurs parents : optez pour un joli panier tress\u00e9 qui servira d\u2019objet d\u00e9co dans un premier temps et qui deviendra un panier \u00e0 jouet, un r\u00e9el outil de rangement pour plus tard&#8230;<\/p>\n<\/div>\n<\/div>\n\n\n\n<div class=\"wp-block-columns\">\n<div class=\"wp-block-column\">\n<figure class=\"wp-block-image size-large\"><a href=\"https:\/\/www.ungrandmarche.fr\/boutiques\/p\/rangements\/lot-3-paniers-de-rangement-petit-moyen-rectangle-simili-cu\/3615762\"><img data-attachment-id=\"6243\" data-permalink=\"https:\/\/www.ungrandmarche.fr\/blog\/tendances\/decorer-chambre-bebe\/attachment\/rangement-chambre-bebe-3\/\" data-orig-file=\"https:\/\/i0.wp.com\/www.ungrandmarche.fr\/blog\/wp-content\/uploads\/2022\/02\/rangement-chambre-bebe-3.jpg?fit=500%2C500&amp;ssl=1\" data-orig-size=\"500,500\" data-comments-opened=\"1\" data-image-meta=\"{&quot;aperture&quot;:&quot;0&quot;,&quot;credit&quot;:&quot;&quot;,&quot;camera&quot;:&quot;&quot;,&quot;caption&quot;:&quot;&quot;,&quot;created_timestamp&quot;:&quot;0&quot;,&quot;copyright&quot;:&quot;&quot;,&quot;focal_length&quot;:&quot;0&quot;,&quot;iso&quot;:&quot;0&quot;,&quot;shutter_speed&quot;:&quot;0&quot;,&quot;title&quot;:&quot;&quot;,&quot;orientation&quot;:&quot;1&quot;}\" data-image-title=\"rangement-chambre-bebe-3\" data-image-description=\"\" data-medium-file=\"https:\/\/i0.wp.com\/www.ungrandmarche.fr\/blog\/wp-content\/uploads\/2022\/02\/rangement-chambre-bebe-3.jpg?fit=300%2C300&amp;ssl=1\" data-large-file=\"https:\/\/i0.wp.com\/www.ungrandmarche.fr\/blog\/wp-content\/uploads\/2022\/02\/rangement-chambre-bebe-3.jpg?fit=500%2C500&amp;ssl=1\" loading=\"lazy\" width=\"500\" height=\"500\" src=\"https:\/\/i0.wp.com\/www.ungrandmarche.fr\/blog\/wp-content\/uploads\/2022\/02\/rangement-chambre-bebe-3.jpg?resize=500%2C500&#038;ssl=1\" alt=\"\" class=\"wp-image-6243\" srcset=\"https:\/\/i0.wp.com\/www.ungrandmarche.fr\/blog\/wp-content\/uploads\/2022\/02\/rangement-chambre-bebe-3.jpg?w=500&amp;ssl=1 500w, https:\/\/i0.wp.com\/www.ungrandmarche.fr\/blog\/wp-content\/uploads\/2022\/02\/rangement-chambre-bebe-3.jpg?resize=300%2C300&amp;ssl=1 300w, https:\/\/i0.wp.com\/www.ungrandmarche.fr\/blog\/wp-content\/uploads\/2022\/02\/rangement-chambre-bebe-3.jpg?resize=150%2C150&amp;ssl=1 150w, https:\/\/i0.wp.com\/www.ungrandmarche.fr\/blog\/wp-content\/uploads\/2022\/02\/rangement-chambre-bebe-3.jpg?resize=263%2C263&amp;ssl=1 263w, https:\/\/i0.wp.com\/www.ungrandmarche.fr\/blog\/wp-content\/uploads\/2022\/02\/rangement-chambre-bebe-3.jpg?resize=360%2C360&amp;ssl=1 360w, https:\/\/i0.wp.com\/www.ungrandmarche.fr\/blog\/wp-content\/uploads\/2022\/02\/rangement-chambre-bebe-3.jpg?resize=297%2C297&amp;ssl=1 297w\" sizes=\"(max-width: 500px) 100vw, 500px\" data-recalc-dims=\"1\" \/><\/a><figcaption>15\/20 &#8211; <a href=\"https:\/\/www.ungrandmarche.fr\/boutique\/le-monde-de-physalis\">Le monde de physalis<\/a><\/figcaption><\/figure>\n\n\n\n<h3 class=\"has-text-align-center\">Les petites pani\u00e8res pour organiser la table \u00e0 langer<\/h3>\n\n\n\n<div style=\"height:20px\" aria-hidden=\"true\" class=\"wp-block-spacer\"><\/div>\n\n\n\n<p class=\"has-text-align-justify\">Pour ranger les couches, les lingettes lavables ou encore les produits de soin pour b\u00e9b\u00e9, les petites pani\u00e8res de rangement seront vos plus fid\u00e8les alli\u00e9es ! Dans ce lot de pani\u00e8res en liberty trop mimis, trois dimensions sont propos\u00e9es pour plus de flexibilit\u00e9 autour de la table \u00e0 langer.<\/p>\n<\/div>\n\n\n\n<div class=\"wp-block-column\">\n<figure class=\"wp-block-image size-large\"><a href=\"https:\/\/www.ungrandmarche.fr\/boutiques\/p\/univers-enfants\/bac-de-rangement-tissu\/2440496\"><img data-attachment-id=\"6244\" data-permalink=\"https:\/\/www.ungrandmarche.fr\/blog\/tendances\/decorer-chambre-bebe\/attachment\/rangement-chambre-bebe-4\/\" data-orig-file=\"https:\/\/i1.wp.com\/www.ungrandmarche.fr\/blog\/wp-content\/uploads\/2022\/02\/rangement-chambre-bebe-4.jpg?fit=500%2C500&amp;ssl=1\" data-orig-size=\"500,500\" data-comments-opened=\"1\" data-image-meta=\"{&quot;aperture&quot;:&quot;0&quot;,&quot;credit&quot;:&quot;&quot;,&quot;camera&quot;:&quot;&quot;,&quot;caption&quot;:&quot;&quot;,&quot;created_timestamp&quot;:&quot;0&quot;,&quot;copyright&quot;:&quot;&quot;,&quot;focal_length&quot;:&quot;0&quot;,&quot;iso&quot;:&quot;0&quot;,&quot;shutter_speed&quot;:&quot;0&quot;,&quot;title&quot;:&quot;&quot;,&quot;orientation&quot;:&quot;1&quot;}\" data-image-title=\"rangement-chambre-bebe-4\" data-image-description=\"\" data-medium-file=\"https:\/\/i1.wp.com\/www.ungrandmarche.fr\/blog\/wp-content\/uploads\/2022\/02\/rangement-chambre-bebe-4.jpg?fit=300%2C300&amp;ssl=1\" data-large-file=\"https:\/\/i1.wp.com\/www.ungrandmarche.fr\/blog\/wp-content\/uploads\/2022\/02\/rangement-chambre-bebe-4.jpg?fit=500%2C500&amp;ssl=1\" loading=\"lazy\" width=\"500\" height=\"500\" src=\"https:\/\/i1.wp.com\/www.ungrandmarche.fr\/blog\/wp-content\/uploads\/2022\/02\/rangement-chambre-bebe-4.jpg?resize=500%2C500&#038;ssl=1\" alt=\"\" class=\"wp-image-6244\" srcset=\"https:\/\/i1.wp.com\/www.ungrandmarche.fr\/blog\/wp-content\/uploads\/2022\/02\/rangement-chambre-bebe-4.jpg?w=500&amp;ssl=1 500w, https:\/\/i1.wp.com\/www.ungrandmarche.fr\/blog\/wp-content\/uploads\/2022\/02\/rangement-chambre-bebe-4.jpg?resize=300%2C300&amp;ssl=1 300w, https:\/\/i1.wp.com\/www.ungrandmarche.fr\/blog\/wp-content\/uploads\/2022\/02\/rangement-chambre-bebe-4.jpg?resize=150%2C150&amp;ssl=1 150w, https:\/\/i1.wp.com\/www.ungrandmarche.fr\/blog\/wp-content\/uploads\/2022\/02\/rangement-chambre-bebe-4.jpg?resize=263%2C263&amp;ssl=1 263w, https:\/\/i1.wp.com\/www.ungrandmarche.fr\/blog\/wp-content\/uploads\/2022\/02\/rangement-chambre-bebe-4.jpg?resize=360%2C360&amp;ssl=1 360w, https:\/\/i1.wp.com\/www.ungrandmarche.fr\/blog\/wp-content\/uploads\/2022\/02\/rangement-chambre-bebe-4.jpg?resize=297%2C297&amp;ssl=1 297w\" sizes=\"(max-width: 500px) 100vw, 500px\" data-recalc-dims=\"1\" \/><\/a><figcaption>16\/20 &#8211; <a href=\"https:\/\/www.ungrandmarche.fr\/boutique\/les-petites-dupont\">Les petites dupont<\/a><\/figcaption><\/figure>\n\n\n\n<h3 class=\"has-text-align-center\">Le bac de rangement en tissu<\/h3>\n\n\n\n<div style=\"height:20px\" aria-hidden=\"true\" class=\"wp-block-spacer\"><\/div>\n\n\n\n<p class=\"has-text-align-justify\">Encore une id\u00e9e d\u00e9co 100% personnalisable : le bac de rangement pour la chambre de b\u00e9b\u00e9 ! Rendez-vous sur la boutique Les petites dupont pour personnaliser le v\u00f4tre. P.S.: on nous dit dans l\u2019oreillette que pour un cadeau de naissance ou d\u2019anniversaire c\u2019est une chouette id\u00e9e&#8230; On dit \u00e7a, on dit rien&#8230;<\/p>\n<\/div>\n<\/div>\n\n\n\n<div class=\"wp-block-columns\">\n<div class=\"wp-block-column\" style=\"flex-basis:20%\"><\/div>\n\n\n\n<div class=\"wp-block-column\" style=\"flex-basis:60%\">\n<h2 class=\"has-text-align-center\"><strong><strong><strong><strong><strong><strong>Les coussins et textiles \u00e0 adopter pour une chambre de b\u00e9b\u00e9 originale<\/strong><\/strong><\/strong><\/strong><\/strong><\/strong><\/h2>\n\n\n\n<hr class=\"wp-block-separator\"\/>\n<\/div>\n\n\n\n<div class=\"wp-block-column\" style=\"flex-basis:20%\"><\/div>\n<\/div>\n\n\n\n<div class=\"wp-block-columns\">\n<div class=\"wp-block-column\">\n<figure class=\"wp-block-image size-large\"><a href=\"https:\/\/www.ungrandmarche.fr\/boutiques\/p\/univers-enfants\/coussin-nuage-chambre-d-enfant\/969868\"><img data-attachment-id=\"6245\" data-permalink=\"https:\/\/www.ungrandmarche.fr\/blog\/tendances\/decorer-chambre-bebe\/attachment\/coussin-bebe-1\/\" data-orig-file=\"https:\/\/i0.wp.com\/www.ungrandmarche.fr\/blog\/wp-content\/uploads\/2022\/02\/coussin-bebe-1.jpg?fit=500%2C500&amp;ssl=1\" data-orig-size=\"500,500\" data-comments-opened=\"1\" data-image-meta=\"{&quot;aperture&quot;:&quot;0&quot;,&quot;credit&quot;:&quot;&quot;,&quot;camera&quot;:&quot;&quot;,&quot;caption&quot;:&quot;&quot;,&quot;created_timestamp&quot;:&quot;0&quot;,&quot;copyright&quot;:&quot;&quot;,&quot;focal_length&quot;:&quot;0&quot;,&quot;iso&quot;:&quot;0&quot;,&quot;shutter_speed&quot;:&quot;0&quot;,&quot;title&quot;:&quot;&quot;,&quot;orientation&quot;:&quot;1&quot;}\" data-image-title=\"coussin-bebe-1\" data-image-description=\"\" data-medium-file=\"https:\/\/i0.wp.com\/www.ungrandmarche.fr\/blog\/wp-content\/uploads\/2022\/02\/coussin-bebe-1.jpg?fit=300%2C300&amp;ssl=1\" data-large-file=\"https:\/\/i0.wp.com\/www.ungrandmarche.fr\/blog\/wp-content\/uploads\/2022\/02\/coussin-bebe-1.jpg?fit=500%2C500&amp;ssl=1\" loading=\"lazy\" width=\"500\" height=\"500\" src=\"https:\/\/i0.wp.com\/www.ungrandmarche.fr\/blog\/wp-content\/uploads\/2022\/02\/coussin-bebe-1.jpg?resize=500%2C500&#038;ssl=1\" alt=\"\" class=\"wp-image-6245\" srcset=\"https:\/\/i0.wp.com\/www.ungrandmarche.fr\/blog\/wp-content\/uploads\/2022\/02\/coussin-bebe-1.jpg?w=500&amp;ssl=1 500w, https:\/\/i0.wp.com\/www.ungrandmarche.fr\/blog\/wp-content\/uploads\/2022\/02\/coussin-bebe-1.jpg?resize=300%2C300&amp;ssl=1 300w, https:\/\/i0.wp.com\/www.ungrandmarche.fr\/blog\/wp-content\/uploads\/2022\/02\/coussin-bebe-1.jpg?resize=150%2C150&amp;ssl=1 150w, https:\/\/i0.wp.com\/www.ungrandmarche.fr\/blog\/wp-content\/uploads\/2022\/02\/coussin-bebe-1.jpg?resize=263%2C263&amp;ssl=1 263w, https:\/\/i0.wp.com\/www.ungrandmarche.fr\/blog\/wp-content\/uploads\/2022\/02\/coussin-bebe-1.jpg?resize=360%2C360&amp;ssl=1 360w, https:\/\/i0.wp.com\/www.ungrandmarche.fr\/blog\/wp-content\/uploads\/2022\/02\/coussin-bebe-1.jpg?resize=297%2C297&amp;ssl=1 297w\" sizes=\"(max-width: 500px) 100vw, 500px\" data-recalc-dims=\"1\" \/><\/a><figcaption>17\/20 &#8211; <a href=\"https:\/\/www.ungrandmarche.fr\/boutique\/petites-betises-colorees\">Petites B\u00eatises Color\u00e9es<\/a><\/figcaption><\/figure>\n\n\n\n<h3 class=\"has-text-align-center\">Le coussin nuage<\/h3>\n\n\n\n<div style=\"height:20px\" aria-hidden=\"true\" class=\"wp-block-spacer\"><\/div>\n\n\n\n<p class=\"has-text-align-justify\">Vous avez choisi un th\u00e8me tr\u00e8s girly pour la chambre de votre fille ? Restez l\u00e0, nous voulons vous pr\u00e9senter ce joli coussin imprim\u00e9 en forme de nuage qui apportera \u201cthe\u201d petite touche finale \u00e0 la d\u00e9co que vous avez d\u00e9j\u00e0 s\u00e9lectionn\u00e9e !<\/p>\n<\/div>\n\n\n\n<div class=\"wp-block-column\">\n<figure class=\"wp-block-image size-large\"><a href=\"https:\/\/www.ungrandmarche.fr\/boutiques\/p\/accessoires-maison\/couverture-bebe\/4025902\"><img data-attachment-id=\"6246\" data-permalink=\"https:\/\/www.ungrandmarche.fr\/blog\/tendances\/decorer-chambre-bebe\/attachment\/couverture-bebe-1\/\" data-orig-file=\"https:\/\/i1.wp.com\/www.ungrandmarche.fr\/blog\/wp-content\/uploads\/2022\/02\/couverture-bebe-1.jpg?fit=500%2C500&amp;ssl=1\" data-orig-size=\"500,500\" data-comments-opened=\"1\" data-image-meta=\"{&quot;aperture&quot;:&quot;0&quot;,&quot;credit&quot;:&quot;&quot;,&quot;camera&quot;:&quot;&quot;,&quot;caption&quot;:&quot;&quot;,&quot;created_timestamp&quot;:&quot;0&quot;,&quot;copyright&quot;:&quot;&quot;,&quot;focal_length&quot;:&quot;0&quot;,&quot;iso&quot;:&quot;0&quot;,&quot;shutter_speed&quot;:&quot;0&quot;,&quot;title&quot;:&quot;&quot;,&quot;orientation&quot;:&quot;1&quot;}\" data-image-title=\"couverture-bebe-1\" data-image-description=\"\" data-medium-file=\"https:\/\/i1.wp.com\/www.ungrandmarche.fr\/blog\/wp-content\/uploads\/2022\/02\/couverture-bebe-1.jpg?fit=300%2C300&amp;ssl=1\" data-large-file=\"https:\/\/i1.wp.com\/www.ungrandmarche.fr\/blog\/wp-content\/uploads\/2022\/02\/couverture-bebe-1.jpg?fit=500%2C500&amp;ssl=1\" loading=\"lazy\" width=\"500\" height=\"500\" src=\"https:\/\/i1.wp.com\/www.ungrandmarche.fr\/blog\/wp-content\/uploads\/2022\/02\/couverture-bebe-1.jpg?resize=500%2C500&#038;ssl=1\" alt=\"\" class=\"wp-image-6246\" srcset=\"https:\/\/i1.wp.com\/www.ungrandmarche.fr\/blog\/wp-content\/uploads\/2022\/02\/couverture-bebe-1.jpg?w=500&amp;ssl=1 500w, https:\/\/i1.wp.com\/www.ungrandmarche.fr\/blog\/wp-content\/uploads\/2022\/02\/couverture-bebe-1.jpg?resize=300%2C300&amp;ssl=1 300w, https:\/\/i1.wp.com\/www.ungrandmarche.fr\/blog\/wp-content\/uploads\/2022\/02\/couverture-bebe-1.jpg?resize=150%2C150&amp;ssl=1 150w, https:\/\/i1.wp.com\/www.ungrandmarche.fr\/blog\/wp-content\/uploads\/2022\/02\/couverture-bebe-1.jpg?resize=263%2C263&amp;ssl=1 263w, https:\/\/i1.wp.com\/www.ungrandmarche.fr\/blog\/wp-content\/uploads\/2022\/02\/couverture-bebe-1.jpg?resize=360%2C360&amp;ssl=1 360w, https:\/\/i1.wp.com\/www.ungrandmarche.fr\/blog\/wp-content\/uploads\/2022\/02\/couverture-bebe-1.jpg?resize=297%2C297&amp;ssl=1 297w\" sizes=\"(max-width: 500px) 100vw, 500px\" data-recalc-dims=\"1\" \/><\/a><figcaption>18\/20 &#8211; <a href=\"https:\/\/www.ungrandmarche.fr\/boutique\/lespetiloulous\">Lespetiloulous<\/a><\/figcaption><\/figure>\n\n\n\n<h3 class=\"has-text-align-center\">La couverture b\u00e9b\u00e9 en crochet<\/h3>\n\n\n\n<div style=\"height:20px\" aria-hidden=\"true\" class=\"wp-block-spacer\"><\/div>\n\n\n\n<p class=\"has-text-align-justify\">A poser sur le bord de son berceau ou \u00e0 d\u00e9poser sur ses petits petons tous mignons pendant une balade en famille, la couverture pour b\u00e9b\u00e9 en crochet et sa doublure polaire est un accessoire super utile qui saura vite se faire appr\u00e9cier !<\/p>\n<\/div>\n<\/div>\n\n\n\n<div class=\"wp-block-columns\">\n<div class=\"wp-block-column\">\n<figure class=\"wp-block-image size-large\"><a href=\"https:\/\/www.ungrandmarche.fr\/boutiques\/p\/univers-enfants\/coussin-panda-indien\/3068685\"><img data-attachment-id=\"6247\" data-permalink=\"https:\/\/www.ungrandmarche.fr\/blog\/tendances\/decorer-chambre-bebe\/attachment\/coussin-bebe-2\/\" data-orig-file=\"https:\/\/i1.wp.com\/www.ungrandmarche.fr\/blog\/wp-content\/uploads\/2022\/02\/coussin-bebe-2.jpg?fit=500%2C500&amp;ssl=1\" data-orig-size=\"500,500\" data-comments-opened=\"1\" data-image-meta=\"{&quot;aperture&quot;:&quot;0&quot;,&quot;credit&quot;:&quot;&quot;,&quot;camera&quot;:&quot;&quot;,&quot;caption&quot;:&quot;&quot;,&quot;created_timestamp&quot;:&quot;0&quot;,&quot;copyright&quot;:&quot;&quot;,&quot;focal_length&quot;:&quot;0&quot;,&quot;iso&quot;:&quot;0&quot;,&quot;shutter_speed&quot;:&quot;0&quot;,&quot;title&quot;:&quot;&quot;,&quot;orientation&quot;:&quot;1&quot;}\" data-image-title=\"coussin-bebe-2\" data-image-description=\"\" data-medium-file=\"https:\/\/i1.wp.com\/www.ungrandmarche.fr\/blog\/wp-content\/uploads\/2022\/02\/coussin-bebe-2.jpg?fit=300%2C300&amp;ssl=1\" data-large-file=\"https:\/\/i1.wp.com\/www.ungrandmarche.fr\/blog\/wp-content\/uploads\/2022\/02\/coussin-bebe-2.jpg?fit=500%2C500&amp;ssl=1\" loading=\"lazy\" width=\"500\" height=\"500\" src=\"https:\/\/i1.wp.com\/www.ungrandmarche.fr\/blog\/wp-content\/uploads\/2022\/02\/coussin-bebe-2.jpg?resize=500%2C500&#038;ssl=1\" alt=\"\" class=\"wp-image-6247\" srcset=\"https:\/\/i1.wp.com\/www.ungrandmarche.fr\/blog\/wp-content\/uploads\/2022\/02\/coussin-bebe-2.jpg?w=500&amp;ssl=1 500w, https:\/\/i1.wp.com\/www.ungrandmarche.fr\/blog\/wp-content\/uploads\/2022\/02\/coussin-bebe-2.jpg?resize=300%2C300&amp;ssl=1 300w, https:\/\/i1.wp.com\/www.ungrandmarche.fr\/blog\/wp-content\/uploads\/2022\/02\/coussin-bebe-2.jpg?resize=150%2C150&amp;ssl=1 150w, https:\/\/i1.wp.com\/www.ungrandmarche.fr\/blog\/wp-content\/uploads\/2022\/02\/coussin-bebe-2.jpg?resize=263%2C263&amp;ssl=1 263w, https:\/\/i1.wp.com\/www.ungrandmarche.fr\/blog\/wp-content\/uploads\/2022\/02\/coussin-bebe-2.jpg?resize=360%2C360&amp;ssl=1 360w, https:\/\/i1.wp.com\/www.ungrandmarche.fr\/blog\/wp-content\/uploads\/2022\/02\/coussin-bebe-2.jpg?resize=297%2C297&amp;ssl=1 297w\" sizes=\"(max-width: 500px) 100vw, 500px\" data-recalc-dims=\"1\" \/><\/a><figcaption>19\/20 &#8211; <a href=\"https:\/\/www.ungrandmarche.fr\/boutique\/les-petites-dupont\">Les petites dupont<\/a><\/figcaption><\/figure>\n\n\n\n<h3 class=\"has-text-align-center\">Le coussin panda personnalisable<\/h3>\n\n\n\n<div style=\"height:20px\" aria-hidden=\"true\" class=\"wp-block-spacer\"><\/div>\n\n\n\n<p class=\"has-text-align-justify\">Vous cherchez un exemple de petit objet d\u00e9co personnalis\u00e9 pour la chambre de b\u00e9b\u00e9 ? Le voici, le voil\u00e0 le coussin panda ! Son petit truc en plus : vous pouvez le personnaliser avec le pr\u00e9nom de votre choix.<\/p>\n<\/div>\n\n\n\n<div class=\"wp-block-column\">\n<figure class=\"wp-block-image size-large\"><a href=\"https:\/\/www.ungrandmarche.fr\/boutiques\/p\/univers-enfants\/couverture-bebe-renards-roses-plaid-enfant-animaux-de-la\/4066898\"><img data-attachment-id=\"6248\" data-permalink=\"https:\/\/www.ungrandmarche.fr\/blog\/tendances\/decorer-chambre-bebe\/attachment\/couverture-bebe-2\/\" data-orig-file=\"https:\/\/i1.wp.com\/www.ungrandmarche.fr\/blog\/wp-content\/uploads\/2022\/02\/couverture-bebe-2.jpg?fit=500%2C500&amp;ssl=1\" data-orig-size=\"500,500\" data-comments-opened=\"1\" data-image-meta=\"{&quot;aperture&quot;:&quot;0&quot;,&quot;credit&quot;:&quot;&quot;,&quot;camera&quot;:&quot;&quot;,&quot;caption&quot;:&quot;&quot;,&quot;created_timestamp&quot;:&quot;0&quot;,&quot;copyright&quot;:&quot;&quot;,&quot;focal_length&quot;:&quot;0&quot;,&quot;iso&quot;:&quot;0&quot;,&quot;shutter_speed&quot;:&quot;0&quot;,&quot;title&quot;:&quot;&quot;,&quot;orientation&quot;:&quot;1&quot;}\" data-image-title=\"couverture-bebe-2\" data-image-description=\"\" data-medium-file=\"https:\/\/i1.wp.com\/www.ungrandmarche.fr\/blog\/wp-content\/uploads\/2022\/02\/couverture-bebe-2.jpg?fit=300%2C300&amp;ssl=1\" data-large-file=\"https:\/\/i1.wp.com\/www.ungrandmarche.fr\/blog\/wp-content\/uploads\/2022\/02\/couverture-bebe-2.jpg?fit=500%2C500&amp;ssl=1\" loading=\"lazy\" width=\"500\" height=\"500\" src=\"https:\/\/i1.wp.com\/www.ungrandmarche.fr\/blog\/wp-content\/uploads\/2022\/02\/couverture-bebe-2.jpg?resize=500%2C500&#038;ssl=1\" alt=\"\" class=\"wp-image-6248\" srcset=\"https:\/\/i1.wp.com\/www.ungrandmarche.fr\/blog\/wp-content\/uploads\/2022\/02\/couverture-bebe-2.jpg?w=500&amp;ssl=1 500w, https:\/\/i1.wp.com\/www.ungrandmarche.fr\/blog\/wp-content\/uploads\/2022\/02\/couverture-bebe-2.jpg?resize=300%2C300&amp;ssl=1 300w, https:\/\/i1.wp.com\/www.ungrandmarche.fr\/blog\/wp-content\/uploads\/2022\/02\/couverture-bebe-2.jpg?resize=150%2C150&amp;ssl=1 150w, https:\/\/i1.wp.com\/www.ungrandmarche.fr\/blog\/wp-content\/uploads\/2022\/02\/couverture-bebe-2.jpg?resize=263%2C263&amp;ssl=1 263w, https:\/\/i1.wp.com\/www.ungrandmarche.fr\/blog\/wp-content\/uploads\/2022\/02\/couverture-bebe-2.jpg?resize=360%2C360&amp;ssl=1 360w, https:\/\/i1.wp.com\/www.ungrandmarche.fr\/blog\/wp-content\/uploads\/2022\/02\/couverture-bebe-2.jpg?resize=297%2C297&amp;ssl=1 297w\" sizes=\"(max-width: 500px) 100vw, 500px\" data-recalc-dims=\"1\" \/><\/a><figcaption>20\/20 &#8211; <a href=\"https:\/\/www.ungrandmarche.fr\/boutique\/jomacrea\">Jomacrea<\/a><\/figcaption><\/figure>\n\n\n\n<h3 class=\"has-text-align-center\">Le plaid patchword aux imprim\u00e9s renards<\/h3>\n\n\n\n<div style=\"height:20px\" aria-hidden=\"true\" class=\"wp-block-spacer\"><\/div>\n\n\n\n<p class=\"has-text-align-justify\">Vous \u00eates adepte des plaids \u00e0 la fois beaux et qui tiennent chaud ? Alors vous allez s\u00fbrement craquer pour ce plaid patchwork pour votre b\u00e9b\u00e9 ! Dans le th\u00e8me d\u00e9co animaux de la for\u00eat, il saura ajouter la touche douceur \u00e0 sa chambre.<\/p>\n<\/div>\n<\/div>\n\n\n\n<div style=\"height:50px\" aria-hidden=\"true\" class=\"wp-block-spacer\"><\/div>\n\n\n\n<div class=\"wp-block-columns has-background\" style=\"background-color:#f8ede2\">\n<div class=\"wp-block-column\" style=\"flex-basis:20%\"><\/div>\n\n\n\n<div class=\"wp-block-column\" style=\"flex-basis:60%\">\n<p class=\"has-text-align-center\"><strong><a href=\"https:\/\/www.ungrandmarche.fr\/s\/decoration-chambre-bebe\/415\" target=\"_blank\" rel=\"noreferrer noopener\">D\u00c9COUVREZ ENCORE PLUS D\u2019ID\u00c9ES D\u00c9CO POUR LA CHAMBRE DE VOTRE B\u00c9B\u00c9<\/a><\/strong><\/p>\n<\/div>\n\n\n\n<div class=\"wp-block-column\" style=\"flex-basis:20%\"><\/div>\n<\/div>\n\n\n\n<div class=\"wp-block-columns\">\n<div class=\"wp-block-column\" style=\"flex-basis:20%\"><\/div>\n\n\n\n<div class=\"wp-block-column\" style=\"flex-basis:60%\"><\/div>\n\n\n\n<div class=\"wp-block-column\" style=\"flex-basis:20%\"><\/div>\n<\/div>\n","protected":false},"excerpt":{"rendered":"<p>Dans l\u2019\u00e9quipe Un Grand March\u00e9, nous sommes passionn\u00e9s de d\u00e9coration et quand il s\u2019agit de d\u00e9nicher pour vous des objets d\u00e9co pour la chambre d\u2019un futur b\u00e9b\u00e9, nous sommes carr\u00e9ment gagas ! Que vous cherchiez [&hellip;]<\/p>\n","protected":false},"author":6,"featured_media":6250,"comment_status":"open","ping_status":"open","sticky":false,"template":"","format":"standard","meta":{"spay_email":"","jetpack_publicize_message":"","jetpack_is_tweetstorm":false},"categories":[139,142,72],"tags":[],"jetpack_featured_media_url":"https:\/\/i2.wp.com\/www.ungrandmarche.fr\/blog\/wp-content\/uploads\/2022\/02\/decorer-chambre-bebe.jpg?fit=1024%2C410&ssl=1","jetpack_publicize_connections":[],"jetpack_sharing_enabled":true,"jetpack_shortlink":"https:\/\/wp.me\/pfn3aZ-1Ck","jetpack-related-posts":[],"jetpack_likes_enabled":true,"_links":{"self":[{"href":"https:\/\/www.ungrandmarche.fr\/blog\/wp-json\/wp\/v2\/posts\/6220"}],"collection":[{"href":"https:\/\/www.ungrandmarche.fr\/blog\/wp-json\/wp\/v2\/posts"}],"about":[{"href":"https:\/\/www.ungrandmarche.fr\/blog\/wp-json\/wp\/v2\/types\/post"}],"author":[{"embeddable":true,"href":"https:\/\/www.ungrandmarche.fr\/blog\/wp-json\/wp\/v2\/users\/6"}],"replies":[{"embeddable":true,"href":"https:\/\/www.ungrandmarche.fr\/blog\/wp-json\/wp\/v2\/comments?post=6220"}],"version-history":[{"count":9,"href":"https:\/\/www.ungrandmarche.fr\/blog\/wp-json\/wp\/v2\/posts\/6220\/revisions"}],"predecessor-version":[{"id":6251,"href":"https:\/\/www.ungrandmarche.fr\/blog\/wp-json\/wp\/v2\/posts\/6220\/revisions\/6251"}],"wp:featuredmedia":[{"embeddable":true,"href":"https:\/\/www.ungrandmarche.fr\/blog\/wp-json\/wp\/v2\/media\/6250"}],"wp:attachment":[{"href":"https:\/\/www.ungrandmarche.fr\/blog\/wp-json\/wp\/v2\/media?parent=6220"}],"wp:term":[{"taxonomy":"category","embeddable":true,"href":"https:\/\/www.ungrandmarche.fr\/blog\/wp-json\/wp\/v2\/categories?post=6220"},{"taxonomy":"post_tag","embeddable":true,"href":"https:\/\/www.ungrandmarche.fr\/blog\/wp-json\/wp\/v2\/tags?post=6220"}],"curies":[{"name":"wp","href":"https:\/\/api.w.org\/{rel}","templated":true}]}}